{"provider_url": "https://www.jaru.ro.leg.br", "title": "Hist\u00f3ria", "html": "<p>A cria\u00e7\u00e3o do Distrito de Jaru foi em 11 de outubro de 1977, atrav\u00e9s da Lei n\u00ba 6448/77, elevado a Munic\u00edpio em 16 de julho 1981, atrav\u00e9s da Lei 6921/81, por\u00e9m a instala\u00e7\u00e3o administrativa se deu em 07 de novembro de 1981.</p>\r\n<p>A forma\u00e7\u00e3o judici\u00e1ria na Comarca de Jaru, s\u00f3 foi instalada em 28/06/1982.\u00a0</p>\r\n<p class=\" \"><strong>ADMINISTRADORES NOMEADOS PELO GOVERNO DO ESTADO:</strong></p>\r\n<p class=\" \">SANDOVAL DE ARA\u00daJO DANTAS<br /><span>SEBASTI\u00c3O MESQUITA<br /></span><span>RAIMUNDO NONATO DA SILVA</span></p>\r\n<p><br /> Em 1982 houve a primeira elei\u00e7\u00e3o para escolher atrav\u00e9s do voto popular o Prefeito e Vereadores do Munic\u00edpio.</p>\r\n<p>Segue abaixo rela\u00e7\u00e3o dos Prefeitos com seus respectivos Vice e Vereadores eleitos pelo voto popular, bem como a dura\u00e7\u00e3o dos mandatos.</p>\r\n<p><br /> <strong>De 1983 a 1988.</strong></p>\r\n<p>Prefeito: LEOMAR JOS\u00c9 BARATELLA<br /><span>Vice-Prefeito: MILTON LOUZADA DE ALMEIDA</span></p>\r\n<p>No 1\u00ba dia de fevereiro de 1.983 numa Sess\u00e3o Solene na C\u00e2mara Municipal, tomaram posse os Vereadores abaixo relacionados os quais comporam a 1\u00aa Legislatura:</p>\r\n<p>ANT\u00d4NIO ELIAS TR\u00caS<br /><span>FLORISVALDO SIM\u00d5ES DE OLIVEIRA<br /></span><span>JO\u00c3O BATISTA DE OLIVEIRA<br /></span><span>JO\u00c3O DE CASTRO LACERDA<br /></span><span>JO\u00c3O SIQUEIRA DO NASCIMENTO<br /></span><span>JOAQUIM CASSIANO DE OLIVEIRA<br /></span><span>JOS\u00c9 CARDOSO DE SOUZA<br /></span><span>JOS\u00c9 DIRCEU ZAMBON<br /></span><span>JOS\u00c9 RIBEIRO MENDES<br /></span><span>JURACI\u00a0 BARBOSA RODRIGUES<br /></span><span>VALDIR LOUZADA DE ALMEIDA<br /></span><span>VALDIVINA ROSA DE JESUS E PINHO<br /></span><span>SISINO GUERRA DE ALMEIDA</span></p>\r\n<p><br /> MESA DIRETORA DA C\u00c2MARA MUNICIPAL</p>\r\n<p>Fevereiro/1983\u00a0 a mar\u00e7o/1983: <br />PRESIDENTE:\u00a0 Vereador JO\u00c3O BATISTA DE OLIVEIRA<br /><span>Mar\u00e7o/1.983 a agosto/1.983: <br />PRESIDENTE: Vereadora VALDIVINA ROSA DE JESUS E PINHO \u00a0<br /></span><span>Agosto/1983 a fevereiro/1985: <br />PRESIDENTE: Vereador JOS\u00c9 CARDOSO DE SOUZA<br /></span><span>Mar\u00e7o/1985 a Mar\u00e7o/1987:\u00a0<br /></span><span>PRESIDENTE: JURACI BARBOSA RODRIGUES<br /></span><span>VICE \u2013 PRESIDENTE: JO\u00c3O BATISTA DE OLIVEIRA<br /></span><span>1\u00ba SECRET\u00c1RIO: SISINO GUERRA DE ALMEIDA<br /></span><span>2\u00ba SECRET\u00c1RIO: JOS\u00c9 RIBEIRO MENDES</span></p>\r\n<p><span>Mar\u00e7o/1987 a dezembro/1988:\u00a0<br /></span><span>PRESIDENTE: SISINO GUERRA DE ALMEIDA</span></p>\r\n<p>\u00a0</p>\r\n<p><strong>De 1989 a 1992.</strong></p>\r\n<p><br /> Prefeito: SIDNEI RODRIGUES GUERRA<br /><span>Vice Prefeito: WILSON CARDOSO</span></p>\r\n<p>Neste mandato houve a Interven\u00e7\u00e3o do Estado no Munic\u00edpio.</p>\r\n<p>Interventor: Luiz Ant\u00f4nio Campanari<br /><span>Vereadores da 2\u00aa Legislatura.</span></p>\r\n<p>ANT\u00d4NIO ELIAS TR\u00caS<br /><span>CAMILO ANT\u00d4NIO COSTA<br /></span><span>C\u00cdCERO FERREIRA DE QUEIROS<br /></span><span>DELM\u00c1RIO DE SANTANA SOUZA<br /></span><span>GENEVAL ALVES VIEIRA<br /></span><span>IVO PEREIRA LIMA<br /></span><span>JOS\u00c9 AMAURY DOS SANTOS<br /></span><span>JOS\u00c9 SOARES DAMASCENO<br /></span><span>J\u00daLIO SILVA MILHOMENS<br /></span><span>LEIR M\u00c1RCIO FERREIRA DO CARMO<br /></span><span>MARCOS ANT\u00d4NIO CHIOVETTI<br /></span><span>SEBASTI\u00c3O CARDOSO DOS SANTOS<br /></span><span>TEOBALDO MARTINS PINTO<br /></span><span>VALDIVINA ROSA DE JESUS E PINHO<br /></span><span>WILSON PAGANI DA SILVA</span></p>\r\n<p><span><br /></span></p>\r\n<p><strong><span>MESA DIRETORA BI\u00caNIO 1989/1990</span></strong></p>\r\n<p>PRESIDENTE: SEBASTI\u00c3O CARDOSO DOS SANTOS<br /><span>VICE-PRESIDENTE: IVO PEREIRA LIMA</span></p>\r\n<p><span><br /><strong>MESA DIRETORA BI\u00caNIO 1991/1992</strong></span></p>\r\n<p>PRESIDENTE: J\u00daLIO SILVA MILHOMENS<br /><span>VICE-PRESIDENTE: LEIR M\u00c1RCIO FERREIRA DO CARMO\u00a0</span></p>\r\n<p>\u00a0</p>\r\n<p>\u00a0</p>\r\n<p><strong>De\u00a0 1993 a 1996</strong></p>\r\n<p>\u00a0</p>\r\n<p>Prefeito: RUI LUIZ ZIMMER<br /><span>Vice-Prefeito: MARCOS ANT\u00d4NIO CHIOVETTI</span></p>\r\n<p>\u00a0</p>\r\n<p><strong>Vereadores 3\u00aa Legislatura</strong></p>\r\n<p>\u00a0</p>\r\n<p>ANT\u00d4NIO CARMONA TRESSOLDI<br /><span>DELM\u00c1RIO DE SANTANA SOUZA<br /></span><span>FERDINANDO PANDOLFI<br /></span><span>GENEVAL ALVES VIEIRA<br /></span><span>IVO PEREIRA LIMA<br /></span><span>JOS\u00c9 ALVES<br /></span><span>JOS\u00c9 AMAURI DOS SANTOS<br /></span><span>LEIR M\u00c1RCIO FERREIRA DO CARMO<br /></span><span>LUIZ ANT\u00d4NIO CLAUDIANO SILVA<br /></span><span>MARCOS ARTUR MACHADO<br /></span><span>RILDO FERREIRA FILHO<br /></span><span>TEOBALDO MARTINS PINTO<br /></span><span>ULISSES BORGES DE OLIVEIRA<br /></span><span>WANDERLEI ANT\u00d4NIO DE ARA\u00daJO<br /></span><span>ZENILDO FERREIRA DOS SANTOS</span></p>\r\n<p>\u00a0</p>\r\n<p><strong>MESA DIRETORA BI\u00caNIO 1993/1994</strong></p>\r\n<p>\u00a0</p>\r\n<p>PRESIDENTE: ULISSES BORGES DE OLIVEIRA<br /><span>VICE-PRESIDENTE: RILDO FERREIRA FILHO<br /></span><span>1\u00ba SECRET\u00c1RIO: WANDERLEI ANT\u00d4NIO DE ARA\u00daJO<br /></span><span>2\u00ba SECRET\u00c1RIO: MARCOS ARTUR MACHADO</span></p>\r\n<p>\u00a0</p>\r\n<p><strong>MESA DIRETORA BI\u00caNIO 1995/1996</strong></p>\r\n<p>\u00a0</p>\r\n<p>PRESIDENTE: DELM\u00c1RIO DE SANTANA SOUZA<br /><span>VICE-PRESIDENTE: ANTONIO CARMONA TRESSOLDI<br /></span><span>1\u00ba SECRET\u00c1RIO: JOS\u00c9 ALVES<br /></span><span>2\u00ba SECRET\u00c1RIO: RILDO FERREIRA FILHO</span></p>\r\n<p>\u00a0</p>\r\n<p>No dia 13 de junho de 1996 tomou posse no cargo de Vereador da C\u00e2mara Municipal de Jaru/RO o Sr. FLORISVALDO SIM\u00d5ES DE OLIVEIRA, para exercer a 3\u00aa Legislatura tendo em vista o afastamento do Vereador Delm\u00e1rio de Santana Souza.\u00a0</p>\r\n<p>\u00a0</p>\r\n<p>Em 15 de agosto de 1996 tomou posse os Senhores Leir M\u00e1rcio Ferreira do Carmo e Marcos Artur Machado nos Cargos de Presidente e 1\u00ba Secret\u00e1rio respectivamente, exercendo o mandato at\u00e9 o t\u00e9rmino da Legislatura, ficando assim constitu\u00edda a Mesa Diretora:</p>\r\n<p>\u00a0</p>\r\n<p>PRESIDENTE: LEIR M\u00c1RCIO FERREIRA DO CARMO<br /><span>VICE-PRESIDENTE: ANTONIO CARMONA TRESSOLDI<br /></span><span>1\u00ba SECRET\u00c1RIO: MARCOS ARTUR MACHADO<br /></span><span>2\u00ba SECRET\u00c1RIO: RILDO FERREIRA FILHO</span></p>\r\n<p>\u00a0</p>\r\n<p><strong>De 1997 A 2000</strong></p>\r\n<p>\u00a0</p>\r\n<p>Prefeito: ADEM\u00c1RIO SERAFIM DE ANDRADE<br /><span>Vice-Prefeito: JO\u00c3O NILSON DIAS</span></p>\r\n<p>\u00a0</p>\r\n<p>Vereadores da 4\u00aa Legislatura:</p>\r\n<p>ABSON PRAXEDES DE CARVALHO<br /><span>ANT\u00d4NIO CARMONA TRESSOLDI<br /></span><span>ANT\u00d4NIO ELIAS TR\u00caS<br /></span><span>ANT\u00d4NIO GODINHO DOS SANTOS<br /></span><span>ANT\u00d4NIO LAGE NETO<br /></span><span>DANIEL DA GRA\u00c7A<br /></span><span>EDIMAR GOMES DOS SANTOS<br /></span><span>FERDINANDO PANDOLFI<br /></span><span>FLORISVALDO SIM\u00d5ES DE OLIVEIRA<br /></span><span>JO\u00c3O SOARES DOS REIS<br /></span><span>JOSO\u00c9 PESSOA DE SOUZA<br /></span><span>NELSON DOS REIS FERNANDES<br /></span><span>OTAVIANO PEREIRA NETO<br /></span><span>TEOBALDO MARTINS PINTO<br /></span><span>ULISSES BORGES DE OLIVEIRA</span></p>\r\n<p>\u00a0</p>\r\n<p>No dia 12 de Junho de 1997 tomou posse nesta Casa de Leis o Sr. ISRAEL MORET, para ocupar o cargo de Vereador durante o afastamento do Sr. Edimar Gomes dos Santos, o qual se afastou para assumir o cargo de Secret\u00e1rio Municipal de Sa\u00fade.</p>\r\n<p>No dia 02 de Setembro de 1997 tomou posse o Sr. ED\u00cdLIO DORIGO, para ocupar o cargo de Vereador desta Casa de Leis por tempo indeterminado, haja vista o afastamento do Sr. Daniel da Gra\u00e7a, o qual assumiu o Cargo de Segret\u00e1rio Municipal de Agricultura.</p>\r\n<p>\u00a0</p>\r\n<p><strong>MESA DIRETORA BI\u00caNIO 1997/1998</strong></p>\r\n<p>\u00a0</p>\r\n<p>PRESIDENTE: ULISSES BORGES DE OLIVEIRA<br /><span>VICE-PRESIDENTE: OTAVIANO PEREIRA NETO<br /></span><span>1\u00ba SECRET\u00c1RIO: NELSON DOS REIS FERNANDES<br /></span><span>2\u00ba SECRET\u00c1RIO: ABSON PRAXEDES DE CARVALHO</span></p>\r\n<p>\u00a0</p>\r\n<p>\u00a0</p>\r\n<p><strong>MESA DIRETORA BI\u00caNIO 1999/2000</strong></p>\r\n<p><strong>\u00a0</strong></p>\r\n<p>PRESIDENTE: EDMAR GOMES DOS SANTOS<br /><span>VICE-PRESIDENTE: JOSO\u00c9 PESSOA DE SOUZA<br /></span><span>1\u00ba SECRET\u00c1RIO: ULISSES BORGES DE OLIVEIRA<br /></span><span>2\u00ba SECRET\u00c1RIO: JO\u00c3O SOARES DOS REIS</span></p>\r\n<p>\u00a0</p>\r\n<p>\u00a0</p>\r\n<p><b>De 2001 A 2004</b></p>\r\n<p>\u00a0</p>\r\n<p>Prefeito: JOS\u00c9 AMAURI DOS SANTOS<br /><span>Vice-Prefeito: LEOMAR JOS\u00c9 BARATELLA</span></p>\r\n<p>\u00a0</p>\r\n<p>Vereadores da 5\u00aa Legislatura:</p>\r\n<p>AGUINALDO DA SILVA LENQUE<br /><span>ANT\u00d4NIO CARMONA TRESSOLDI<br /></span><span>CARLOS WAGNER MATOS<br /></span><span>COSME DA SOLEDADE CAMPOS BASTOS<br /></span><span>GERALDO LUIZ DA SILVA<br /></span><span>ISRAEL MORET<br /></span><span>IVO PEREIRA LIMA<br /></span><span>JANDIRA DE SOUZA OLIVEIRA<br /></span><span>JEAN CARLOS DOS SANTOS<br /></span><span>JO\u00c3O BATISTA DA SILVA<br /></span><span>JOS\u00c9 ONILSON SANTOS<br /></span><span>MANASES DA SILVA ROSA<br /></span><span>MILTON LOUZADA DE ALMEIDA<br /></span><span>TEOBALDO MARTINS PINTO<br /></span><span>ULISSES BORGES DE OLIVEIRA</span></p>\r\n<p>\u00a0</p>\r\n<p>Ainda nesta legislatura tomaram posse os suplentes de vereador abaixo relacionado, conforme consta no livro de posse dos excelent\u00edssimos senhores vereadores da C\u00e2mara Municipal de Jaru.</p>\r\n<p>Aos seis dias do m\u00eas de junho de 2001, tomou posse no Cargo de Vereador desta Casa de Leis o Sr. EDIRCEU VICENTE FERREIRA, haja vista o afastamento do Vereador Manases da Silva Rosa, o qual se afastou para assumir o Cargo de Secret\u00e1rio Municipal de Trabalho e A\u00e7\u00e3o Social.</p>\r\n<p>Ao 1\u00ba dia do m\u00eas de mar\u00e7o de 2002, tomou posse no Cargo de Vereador desta Casa de Leis o Sr. OTAVIANO PEREIRA NETO, por um per\u00edodo, ou seja, enquanto perdurou o afastamento por motivo de tratamento de sa\u00fade do Sr. Milton Louzada de Almeida. (07/05/02).</p>\r\n<p>Aos 28 dias do m\u00eas de Fevereiro/2003, tomou posse nesta Casa de Leis, no cargo de Vereador o Senhor ABSON PRAXEDES DE CARVALHO, por prazo indeterminado, haja vista o afastamento do senhor Jean Carlos dos Santos,\u00a0 o qual se afastou para assumir o cargo de Secret\u00e1rio Municipal de Obras e Servi\u00e7os P\u00fablico. \u00a0 \u00a0\u00a0</p>\r\n<p>Novamente aos 19 dias do m\u00eas de maio/2003, tomou posse o Senhor EDIRCEU VICENTE FERREIRA, por tempo indeterminado, haja vista o afastamento do Vereador Manases da Silva Rosa, o qual assumiu o cargo de Secret\u00e1rio Municipal de Agricultura.</p>\r\n<p>Em 11 de novembro de 2003, tomou posse neste Poder Legislativo o Senhor FLORISVALDO SIM\u00d5ES DE OLIVEIRA, no cargo de 2\u00aa Supl\u00eancia de Vereador, haja vista o Vereador Teobaldo Martins Pinto, ter se afastado para assumir a Secretaria Municipal de Agricultura.</p>\r\n<p>Em 31 de mar\u00e7o de 2004, havendo o retorno do Vereador Jean Carlos dos Santos, passou o Senhor Abson Praxedes de Carvalho a ocupar o cargo de Vereador por tempo indeterminado como 1\u00ba Suplente, na vaga do Sr. Teobaldo Martins Pinto.</p>\r\n<p>\u00a0</p>\r\n<p><b>MESA DIRETORA BI\u00caNIO 2001/2002</b></p>\r\n<p>\u00a0</p>\r\n<p>Presidente: IVO PEREIRA LIMA<br /><span>Vice-Presidente: GERALDO LUIZ DA SILVA (Neloi)<br /></span><span>1\u00ba Secret\u00e1rio: JO\u00c3O BATISTA DA SILVA<br /></span><span>2\u00ba Secret\u00e1rio: MANASES DA SILVA ROSA</span></p>\r\n<p>\u00a0</p>\r\n<p><b>MESA DIRETORA BI\u00caNIO 2003/2004</b></p>\r\n<p>Presidente: IVO PEREIRA LIMA<br /><span>Vice-Presidente: GERALDO LUIZ DA SILVA (Neloi)<br /></span><span>1\u00ba Secret\u00e1rio: ULISSES BORGES DE OLIVEIRA<br /></span><span>2\u00ba Secret\u00e1rio: ANT\u00d4NIO CARMONA TRESSOLDI</span></p>\r\n<p>\u00a0</p>\r\n<p>No ano de 2004, em observ\u00e2ncia ao disposto no art. 2\u00ba da Resolu\u00e7\u00e3o n.\u00ba 21.702, o Tribunal Superior Eleitoral determinou o n\u00famero de cadeiras a serem preenchidas nas C\u00e2maras de Vereadores de cada Munic\u00edpio, o que culminou na diminui\u00e7\u00e3o das vagas existentes nesta Casa de Leis, passando esta a ser composta por apenas 10 Vereadores.</p>\r\n<p>6\u00aa LEGISLATURA - Per\u00edodo Janeiro/2005 a dezembro/2008</p>\r\n<p><br /> <b>MESA DIRETORA - BI\u00caNIO 2005/2006</b></p>\r\n<p>\u00a0</p>\r\n<p>Presidente: IVO PEREIRA LIMA - PMDB<br /><span>Vice-Presidente: AGUINALDO DA SILVA LENQUE - PTB<br /></span><span>1\u00ba Secret\u00e1rio: ADILSON LUIZ CAPELINI FARIA - PMDB<br /></span><span>2\u00aa Secret\u00e1ria: CARMIVALDA GOMES DOS SANTOS - PTB</span></p>\r\n<p>\u00a0</p>\r\n<p>ANTONIO PEREIRA CABRAL (TONH\u00c3O) - PSC<br /><span>CARLOS WAGNER MATOS - PL<br /></span><span>CELSO ROSA DA ROCHA - PSC<br /></span><span>COSME DA SOLEDADE CAMPOS BASTOS - PP<br /></span><span>JUSCIMAR TELEK - PT<br /></span><span>MANASES DA SILVA ROSA - PP</span></p>\r\n<p>\u00a0</p>\r\n<p>Prefeito Municipal: Jos\u00e9 Amauri dos Santos<br /><span>Vice-Prefeito: Melchior Sidney Daniel</span></p>\r\n<p>\u00a0</p>\r\n<p>Na data de 12 de abril de 2005, foi recebido nesta Casa de Leis, o of\u00edcio n.O 035/05-27\u00aa ZE, o qual comunicava que na data de 11/04/05 em decis\u00e3o proferida nos Autos de Investiga\u00e7\u00e3o Judicial n.O 365/2004, o Ju\u00edzo desta Comarca cassou os diplomas dos Sr. Jos\u00e9 Amauri dos Santos e Melchior Sidnei Daniel e Ivo Pereira Lima, prefeito, vice-prefeito e vereador respectivamente nesta cidade.</p>\r\n<p>Assim em 13 de abril de 2005 em Sess\u00e3o Solene no Plen\u00e1rio da C\u00e2mara Municipal, o Sr. Aguinaldo da Silva Lenque, comunicou o seu afastamento do cargo de Vereador neste Poder Legislativo, bem como do cargo de Vice-Presidente na Mesa Diretora, para assumir o cargo de Prefeito Municipal interinamente.</p>\r\n<p>\u00a0Desta forma, havendo a vag\u00e2ncia de cargos nesta C\u00e2mara Municipal, foram convocados para tomarem posse por tempo indeterminado os Senhores Jean Carlos dos Santos, no cargo de 1\u00aa Supl\u00eancia do Vereador Ivo Pereira Lima e Valdecir Cesco Orlandini no cargo de 1\u00aa Supl\u00eancia do Vereador Aguinaldo da Silva Lenque.</p>\r\n<p>\u00a0\u00a0\u00a0\u00a0\u00a0\u00a0\u00a0\u00a0\u00a0\u00a0\u00a0</p>\r\n<p>\u00a0Ficando os \u00f3rg\u00e3os Executivo e Legislativo, temporariamente assim constitu\u00eddos:</p>\r\n<p>\u00a0</p>\r\n<p>Prefeito Municipal: Aguinaldo da Silva Lenque</p>\r\n<p>\u00a0</p>\r\n<p>Vereadores:</p>\r\n<p>\u00a0VALDECIR CESCO ORLANDINI - PTB<br /><span>ADILSON LUIZ CAPELINI FARIA - PMDB<br /></span><span>ANTONIO PEREIRA CABRAL (TONH\u00c3O) - PSC<br /></span><span>CARLOS WAGNER MATOS - PL<br /></span><span>CARMIVALDA GOMES DOS SANTOS GON - PTB<br /></span><span>CELSO ROSA DA ROCHA - PSC<br /></span><span>COSME DA SOLEDADE CAMPOS BASTOS - PP<br /></span><span>JEAN CARLOS DOS SANTOS - PMDB<br /></span><span>JUSCIMAR TELEK - PT<br /></span><span>MANASES DA SILVA ROSA - PP</span></p>\r\n<p>\u00a0</p>\r\n<p>Devido aos acontecimentos descritos acima, ainda na data de 13 de Abril de 2005, na 20\u00aa Sess\u00e3o Extraordin\u00e1ria, deliberou-se entre os Vereadores presentes, a escolha do Presidente e Vice-Presidente Interinos desta Casa para os pr\u00f3ximos oito dias, conforme prev\u00ea o Artigo 27 do Regimento Interno deste Poder Legislativo. Passando a Mesa Diretora a ser composta pelos Vereadores:</p>\r\n<p>\u00a0</p>\r\n<p><strong>MESA DIRETORA</strong></p>\r\n<p>\u00a0</p>\r\n<p>Presidente: CELSO ROSA DA ROCHA - PSC<br /><span>Vice-Presidente: ANT\u00d4NIO PEREIRA CABRAL - PSC<br /></span><span>1\u00ba Secret\u00e1rio: ADILSON LUIZ CAPELINI FARIA -\u00a0\u00a0\u00a0\u00a0 PMDB<br /></span><span>2\u00aa Secret\u00e1ria: CARMIVALDA GOMES DOS SANTOS GON\u00a0\u00a0\u00a0 -\u00a0\u00a0\u00a0 PTB</span></p>\r\n<p>\u00a0</p>\r\n<p>Na data de 14 de abril de 2005, o Juuiz Eleitoral Dr. Elsi Ant\u00f4nio Dalla Riva, diplomou na sede da C\u00e2mara Municipal de Jaru, o 2\u00ba colocado nas elei\u00e7\u00f5es de 2004 ao cargo de Prefeito e Vice-Prefeita, Sr. Ulisses Borges de Oliveira, e Stella Mari Martoni, ficando designado a data de 18 de abril de 2005, a posse nos respectivos cargos.\u00a0\u00a0</p>\r\n<p>\u00a0No entanto, havendo os senhores Jos\u00e9 Amauri dos Santos, Melchior Sidnei Daniel e Ivo Pereira Lima, recorrido em 2\u00aa Inst\u00e2ncia, na data de 15 de abril de 2005, o TRIBUNAL REGIONAL ELEITORAL, proferiu senten\u00e7a em favor dos mesmos, mantendo-os dessa forma em seus respectivos cargos, permanecendo assim composto os \u00f3rg\u00e3os Legislativo e Executivo Municipal.</p>\r\n<p>\u00a0</p>\r\n<p><br /> <b>MESA DIRETORA\u00a0 - BI\u00caNIO 2005/2006</b></p>\r\n<p>\u00a0</p>\r\n<p>Presidente: IVO PEREIRA LIMA\u00a0\u00a0\u00a0\u00a0\u00a0\u00a0\u00a0\u00a0 -\u00a0\u00a0 PMDB<br /><span>Vice-Presidente: AGUINALDO DA SILVA LENQUE\u00a0\u00a0\u00a0 -\u00a0\u00a0\u00a0 PTB<br /></span><span>1\u00ba Secret\u00e1rio: ADILSON LUIZ CAPELINI FARIA\u00a0\u00a0\u00a0 -\u00a0\u00a0\u00a0\u00a0 PMDB<br /></span><span>2\u00aa Secret\u00e1ria:\u00a0 CARMIVALDA GOMES DOS SANTOS GON\u00a0\u00a0\u00a0 -\u00a0\u00a0\u00a0 PTB</span></p>\r\n<p><span>ANTONIO PEREIRA CABRAL (TONH\u00c3O)\u00a0\u00a0 -\u00a0\u00a0 PSC<br /></span><span>CARLOS WAGNER MATOS\u00a0\u00a0\u00a0 -\u00a0\u00a0\u00a0 PL<br /></span><span>CELSO ROSA DA ROCHA\u00a0\u00a0\u00a0 -\u00a0\u00a0\u00a0 PSC<br /></span><span>COSME DA SOLEDADE CAMPOS BASTOS\u00a0\u00a0 -\u00a0\u00a0 PP<br /></span><span>JUSCIMAR TELEK\u00a0\u00a0\u00a0 -\u00a0 PT<br /></span><span>MANASES DA SILVA ROSA\u00a0\u00a0 -\u00a0\u00a0 PP</span></p>\r\n<p>\u00a0</p>\r\n<p>Prefeito Municipal: Jos\u00e9 Amauri dos Santos<br /><span>Vice-Prefeito: Melchior Sidney Daniel</span></p>\r\n<p>\u00a0</p>\r\n<p><span>Novamente na data de 29 de agosto de 2005, foi recebido nesta Casa de Leis, o of\u00edcio n.O 109/05-27\u00aa ZE, o qual comunicava que na data de 26/08/05 em decis\u00e3o proferida nos Autos de Investiga\u00e7\u00e3o Judicial n.O 365/2004, o Ju\u00edzo desta Comarca cassou os diplomas dos Srs. Jos\u00e9 Amauri dos Santos e Melchior Sidnei Daniel e Ivo Pereira Lima, prefeito, vice-prefeito e vereador/presidente,\u00a0 respectivamente nesta cidade.</span></p>\r\n<p>Assim aos 30 dias do m\u00eas de agosto de 2005 em Sess\u00e3o Solene no Plen\u00e1rio da C\u00e2mara Municipal, o Sr. Aguinaldo da Silva Lenque, Vereador/Vice-Presidente, comunicou o seu afastamento do cargo de Vereador neste Poder Legislativo, bem como do cargo de Vice-Presidente na Mesa Diretora, para assumir o cargo de Prefeito Municipal interinamente, ficando decido pela maioria dos Vereadores, que a Vereadora Carmivalda Gomes dos Santos Gon, assumiria interinamente a Presid\u00eancia da C\u00e2mara Municipal.</p>\r\n<p>\u00a0No entanto, no dia 1\u00ba de Setembro de 2005, novamente o TRIBUNAL REGIONAL ELEITORAL, proferiu senten\u00e7a em favor dos mesmos, mantendo-os dessa forma em seus respectivos cargos, permanecendo assim composto os \u00f3rg\u00e3os Legislativo e Executivo Municipal.</p>\r\n<p>\u00a0</p>\r\n<p>\u00a0</p>\r\n<p><b>MESA DIRETORA\u00a0 - BI\u00caNIO 2005/2006</b></p>\r\n<p>\u00a0</p>\r\n<p>Presidente: IVO PEREIRA LIMA\u00a0\u00a0\u00a0\u00a0\u00a0\u00a0\u00a0\u00a0 - PMDB<br /> Vice-Presidente: AGUINALDO DA SILVA LENQUE - PTB<br /> 1\u00ba Secret\u00e1rio: ADILSON LUIZ CAPELINI FARIA -\u00a0\u00a0\u00a0\u00a0 PMDB<br /> 2\u00aa Secret\u00e1ria: CARMIVALDA GOMES DOS SANTOS GON - PTB</p>\r\n<p>\u00a0</p>\r\n<p>ANTONIO PEREIRA CABRAL (TONH\u00c3O) - PSC<br /> CARLOS WAGNER MATOS - PL<br /> CELSO ROSA DA ROCHA - PSC<br /> COSME DA SOLEDADE CAMPOS BASTOS - PP<br /> JUSCIMAR TELEK - PT<br /> MANASES DA SILVA ROSA - PP</p>\r\n<p>\u00a0</p>\r\n<p>Prefeito Municipal: Jos\u00e9 Amauri dos Santos</p>\r\n<p>Vice-Prefeito: Melchior Sidney Daniel</p>\r\n<p>\u00a0</p>\r\n<p><strong>MESA DIRETORA - BI\u00caNIO 2007/2008</strong></p>\r\n<p>Presidente: ANT\u00d4NIO PEREIRA CABRAL<br /><span>Vice-Presidente: CARLOS WAGNER MATOS<br /></span><span>1\u00ba Secret\u00e1rio: CARMIVALDA GOMES DOS SANTOS GON<br /></span><span>2\u00ba Secret\u00e1rio: JEAN CARLOS DOS SANTOS</span></p>\r\n<p><span>ADILSON LUIZ CAPELINI FARIA\u00a0<br /></span><span>AGUINALDO DA SILVA LENQUE<br /></span><span>CELSO ROSA DA ROCHA<br /></span><span>COSME DA SOLEDADE CAMPOS BASTOS<br /></span><span>JUSCIMAR TELEK<br /></span><span>MANASES DA SILVA ROSA</span></p>\r\n<p>\u00a0<span>Prefeito Municipal: Ulisses Borges de Oliveira</span></p>\r\n<p>Vice-Prefeita: Stella Mari Matoni</p>\r\n<p>No ano de 2008, foram apresentadas ao Poder Legislativo diversas den\u00fancias contra o Prefeito Municipal Sr. Ulisses Borges de Oliveira, o qual acabou sendo afastado do cargo por duas vezes, quando da vota\u00e7\u00e3o das den\u00fancias abaixo relacionadas, vindo a vice-Prefeita Sr\u00aa Stella Mari Martoni, assumir o cargo de Prefeita deste Munic\u00edpio no per\u00edodo de 02/06 \u00e0 27/06/08, e 30/06 \u00e0 09/07/08:\u00a0\u00a0\u00a0</p>\r\n<p>\u00a0</p>\r\n<p>\u00a0<b>MESA DIRETORA\u00a0 - BI\u00caNIO 2009/2010</b></p>\r\n<p>\u00a0</p>\r\n<p>Presidente: <b>IVO PEREIRA LIMA\u00a0\u00a0\u00a0\u00a0\u00a0\u00a0\u00a0\u00a0 </b></p>\r\n<p>Vice-Presidente: <b>GERSON GOMES GON\u00c7ALVES\u00a0\u00a0\u00a0\u00a0 </b></p>\r\n<p>1\u00ba Secret\u00e1rio: <b>CELSO\u00a0 ROSA DA ROCHA\u00a0\u00a0\u00a0 </b></p>\r\n<p>2\u00aa Secret\u00e1ria: <b>DEN\u00cdSIA MESSIAS DA SILVA </b></p>\r\n<p><b>\u00a0</b></p>\r\n<p>Prefeito Municipal: Jean Carlos dos Santos</p>\r\n<p>Vice-Prefeito: Fl\u00e1vio Anast\u00e1cio Correa</p>\r\n<p>Ao primeiro dia do m\u00eas de janeiro do ano de 2009, perante o Poder Legislativo composto pelos Vereadores:</p>\r\n<p>EDIVANDO REGIS DE OLIVEIRA</p>\r\n<p>EVALDO CILISTRINO MENDES</p>\r\n<p>FRANCISCO HILDEMBURG COSTA BEZERRA</p>\r\n<p>LUCIA DE F\u00c1TIMA COSTA</p>\r\n<p>MIRLEY EMANUEL DOS SANTOS</p>\r\n<p>VALDECIR CESCO ORLANDINI</p>\r\n<p><b>\u00a0</b></p>\r\n<p><b>\u00a0</b></p>\r\n<p><b>\u00a0</b></p>\r\n<p><b>MESA DIRETORA\u00a0 - BI\u00caNIO 2011/2012</b></p>\r\n<p>\u00a0</p>\r\n<p>Presidente: <b>GERSON GOMES GON\u00c7ALVES\u00a0\u00a0\u00a0\u00a0\u00a0\u00a0\u00a0\u00a0 </b></p>\r\n<p>Vice-Presidente: <b>EVALDO CILISTRINO MENDES\u00a0\u00a0\u00a0\u00a0 </b></p>\r\n<p>1\u00ba Secret\u00e1rio: <b>L\u00daCIA DE F\u00c1TIMA COSTA\u00a0\u00a0\u00a0 </b></p>\r\n<p>2\u00aa Secret\u00e1ria: <b>FRANCISCO HILDEMBURG \u00a0COSTA BEZERRA</b></p>\r\n<p>\u00a0</p>\r\n<p>\u00a0</p>\r\n<p><b>\u00a0\u00a0\u00a0\u00a0 </b>\u00a0<b>MESA DIRETORA\u00a0 - BI\u00caNIO 2013/2014</b></p>\r\n<p>\u00a0</p>\r\n<p>Presidente: <b>JOSEMAR FIGUEIRA\u00a0\u00a0\u00a0\u00a0\u00a0\u00a0\u00a0\u00a0 </b></p>\r\n<p>Vice-Presidente: <b>EDIMILSON BATISTA MOREIRA\u00a0\u00a0\u00a0\u00a0 </b></p>\r\n<p>1\u00ba Secret\u00e1rio: <b>ROSELI CAPELINI BATISTA\u00a0\u00a0\u00a0 </b></p>\r\n<p>2\u00aa Secret\u00e1ria: <b>ANT\u00d4NIO PEREIRA CABRAL </b></p>\r\n<p><b>\u00a0\u00a0\u00a0\u00a0\u00a0\u00a0\u00a0 </b></p>\r\n<p>Prefeito Municipal: S\u00f4nia Cordeiro de Souza</p>\r\n<p>Vice-Prefeito: Inaldo Pedro Alves</p>\r\n<p>Ao primeiro dia do m\u00eas de janeiro do ano de 2013, perante o Poder Legislativo composto pelos Vereadores:</p>\r\n<p>BENILDO M\u00c1RCIO DA SILVA</p>\r\n<p>C\u00c1SSIA GOMES DOS SANTOS</p>\r\n<p>CL\u00d3VIS MORALI ANDRADE</p>\r\n<p>ENEIR MARTINS RODRIGUES</p>\r\n<p>EVALDO CILISTRINO MENDES</p>\r\n<p>JEVERSON LUIZ DE LIMA</p>\r\n<p>JOS\u00c9 AUGUSTO DA SILVA</p>\r\n<p>JOS\u00c9 CLAUDIO GOMES DA SILVA</p>\r\n<p>LUIZ CARLOS CESCONETE</p>\r\n<p>MOISES ZALEM OLIVEIRA SOT\u00c9</p>\r\n<p>VALDECIR CESCO ORLANDINE</p>\r\n<p>\u00a0</p>\r\n<p><b>\u00a0\u00a0\u00a0 </b></p>\r\n<p><b>\u00a0</b></p>\r\n<p><b>\u00a0</b></p>\r\n<p><b>\u00a0</b></p>\r\n<p><b>\u00a0</b></p>\r\n<p><b>\u00a0</b>\u00a0<b>MESA DIRETORA\u00a0 - BI\u00caNIO 2015/2016</b></p>\r\n<p>\u00a0</p>\r\n<p>Presidente: <b>VALDECIR CESCO ORLANDINI\u00a0\u00a0\u00a0\u00a0\u00a0\u00a0\u00a0\u00a0 </b></p>\r\n<p>Vice-Presidente: <b>JOS\u00c9 CLAUDIO GOMES DA SILVA</b></p>\r\n<p>1\u00ba Secret\u00e1rio: <b>ROSELI CAPELI BATISTA\u00a0\u00a0\u00a0 </b></p>\r\n<p>2\u00aa Secret\u00e1ria: <b>JEVERSON LUIZ DE LIMA</b></p>\r\n<p>\u00a0</p>\r\n<p>Aos vinte e nove dias do m\u00eas de junho do ano de dois mil e quinze no plen\u00e1rio da C\u00e2mara Municipal de Jaru, sob a Presid\u00eancia do Vereador Jos\u00e9 Claudio Gomes da Silva, em fun\u00e7\u00e3o da ren\u00fancia do ent\u00e3o Presidente, Vereador Valdecir Cesco Orlandini, no \u00faltimo dia 23/06/2015, assumiu este cargo o substituto imediato, nos termos do artigo 23, par\u00e1grafo 1\u00ba, do Regimento Interno desta casa Legislativa, motivo pelo qual houve vac\u00e2ncia do cargo de Vice- Presidente e, considerando a vota\u00e7\u00e3o em plen\u00e1rio na Sess\u00e3o Ordin\u00e1ria, subsequente \u00e0 vac\u00e2ncia, foi declarado eleito para o cargo de Vice-Presidente da Mesa Diretora, o Vereador Mois\u00e9s Zalen Oliveira Sot\u00e9. Assim procedeu a solenidade de Posse do Vice- Presidente, o Vereador Mois\u00e9s Zalen de Oliveira Sot\u00e9 para o per\u00edodo de 29 de junho de 2015 a 31 de dezembro de 2016, da 8\u00aa legislatura, passando a Mesa Diretora a ser composta da seguinte forma:</p>\r\n<p>\u00a0</p>\r\n<p>Presidente: <b>JOS\u00c9 CLAUDIO GOMES DA SILVA</b></p>\r\n<p>Vice-Presidente: <b>MOIS\u00c9S ZALEN OLIVEIRA SOT\u00c9 </b></p>\r\n<p>1\u00ba Secret\u00e1rio: <b>ROSELI CAPELINI BATISTA\u00a0\u00a0\u00a0 </b></p>\r\n<p>2\u00aa Secret\u00e1ria: <b>JEVERSON LUIZ DE LIMA</b></p>\r\n<p>\u00a0</p>\r\n<p><b>25/08/2015 \u2013 POSSE DO SR. INALDO PEDRO ALVES, NO CARGO DE PREFEITO, EM RAZ\u00c3O DO AFASTAMENTO AS SR. S\u00d4NIA CORDEIRO DE SOUZA.</b></p>\r\n<p><b>\u00a0</b></p>\r\n<p><b>21/12/2015- POSSE DO SR. INALDO PEDRO ALVES, NO CARGO DE PREFEITO, EM RAZ\u00c3O DA CASSA\u00c7\u00c3O DA SRA. S\u00d4NIA CORDEIRO DE SOUZA.</b></p>\r\n<p><b>\u00a0</b></p>\r\n<p><b>\u00a0 </b>\u00a0<b>MESA DIRETORA\u00a0 - BI\u00caNIO 2017/2018</b></p>\r\n<p><b>\u00a0</b></p>\r\n<p><b>Ao primeiro dia do m\u00eas de janeiro do ano de dois mil e dezessete, durante a sess\u00e3o Solene de Posse dos Vereadores, Prefeito e Vice- Prefeito eleitos no pleito de 2016, realizou-se a Elei\u00e7\u00e3o da Mesa Diretora da C\u00e2mara Municipal de Jaru, para o Bi\u00eanio 2017/2018, conforme determina o art. 7\u00ba do Regimento Interno da C\u00e2mara Municipal. Em seguida nominalmente cada vereador proferiu o voto. Ap\u00f3s a vota\u00e7\u00e3o o senhor Presidente proclamou o resultado, sendo vencedora a chapa n\u00ba 01 com 15 votos favor\u00e1veis e 0 votos contr\u00e1rios, ficando composta a Mesa pelos seguinte vereadores:\u00a0\u00a0 </b></p>\r\n<p>\u00a0</p>\r\n<p>Presidente: <b>JOS\u00c9 CLAUDIO GOMES DA SILVA</b></p>\r\n<p>Vice-Presidente: <b>ORLANDO COSTA DOS ANJOS</b></p>\r\n<p>1\u00ba Secret\u00e1rio: <b>FRANCISCO BAQUER\u00a0\u00a0\u00a0 </b></p>\r\n<p>2\u00aa Secret\u00e1ria: <b>RENATO RODRIGUES DE OLIVEIRA</b></p>\r\n<p><b>\u00a0</b></p>\r\n<p><b>\u00a0</b></p>\r\n<p><b>ADEMIR ROBERTO DA SILVA</b></p>\r\n<p><b>ANT\u00d4NIO CARLOS BEZERRA</b></p>\r\n<p><b>CL\u00d3VIS MORALI ANDRADE</b></p>\r\n<p><b>EDMAR PARLOTE</b></p>\r\n<p><b>GELSON DA HORA</b></p>\r\n<p><b>ILSON PEDRO FELIX</b></p>\r\n<p><b>JOSEMAR FIGUEIRA</b></p>\r\n<p><b>LUIS CHIARENTIN</b></p>\r\n<p><b>MARCOS MACHADO MIRANDA</b></p>\r\n<p><b>PAULO PEREIRA SAMPAIO</b></p>\r\n<p><b>VALDIVINO FRANCISCO PEREIRA</b></p>\r\n<p><b>\u00a0</b></p>\r\n<p>Prefeito Municipal: JO\u00c3O GON\u00c7ALVES SILVA JUNIOR</p>\r\n<p>Vice-Prefeito: JEVERSON LUIZ DE LIMA</p>\r\n<p>\u00a0</p>\r\n<p><b>MESA DIRETORA\u00a0 - BI\u00caNIO 2019/2020</b></p>\r\n<p>\u00a0</p>\r\n<p>\u00a0</p>\r\n<p>Aos tr\u00eas \u00a0dias do m\u00eas de janeiro \u00a0do ano de dois mil e dezenove, no Plen\u00e1rio da C\u00e2mara Municipal de Jaru, sob presid\u00eancia do Vereador Jos\u00e9 Claudio Gomes da Silva, procedeu-se a solenidade de Posse da Mesa Diretora, para o Bi\u00eanio 2019/2020, da 9\u00aa Legislatura, a qual foi eleita no dia dezoito de setembro de dois mil e dezessete, sendo a mesma constitu\u00edda pelos seguintes vereadores.</p>\r\n<p>\u00a0</p>\r\n<p>Presidente: JOS\u00c9 CLAUDIO GOMES DA SILVA</p>\r\n<p>Vice-Presidente: ILSON PEDRO F\u00c9LIX</p>\r\n<p>1\u00ba Secret\u00e1rio: FRANCISCO BAQUER</p>\r\n<p>2\u00ba Secret\u00e1rio: EDMAR PARLOTE</p>\r\n<p><b>\u00a0</b></p>\r\n<p><b>ADEMIR ROBERTO DA SILVA</b></p>\r\n<p><b>ANT\u00d4NIO CARLOS BEZERRA</b></p>\r\n<p><b>CL\u00d3VIS MORALI ANDRADE</b></p>\r\n<p><b>GELSON DA HORA</b></p>\r\n<p><b>JOSEMAR FIGUEIRA</b></p>\r\n<p><b>LUIS CHIARENTIN</b></p>\r\n<p><b>MARCOS MACHADO MIRANDA</b></p>\r\n<p><b>PAULO PEREIRA SAMPAIO</b></p>\r\n<p><b>VALDIVINO FRANCISCO PEREIRA</b></p>\r\n<p><b>\u00a0RENATO RODRIGUES DE OLIVEIRA</b></p>\r\n<p><b>ORLANDO COSTA DOS ANJOS</b></p>\r\n<p>\u00a0</p>\r\n<p>SUPLENTES QUE TOMARAM POSSE:</p>\r\n<p>\u00a0</p>\r\n<p>EDIVALDO DE OLIVEIRA</p>\r\n<p>JO\u00c3O MATIAS VIEIRA</p>\r\n<p>\u00a0</p>\r\n<p>Prefeito Municipal: JO\u00c3O GON\u00c7ALVES SILVA JUNIOR</p>\r\n<p>Vice-Prefeito: JEVERSON LUIZ DE LIMA</p>\r\n<p>\u00a0</p>\r\n<p>\u00a0</p>\r\n<p>\u00a0</p>\r\n<p><b>MESA DIRETORA\u00a0 - BI\u00caNIO 2021/2024</b></p>\r\n<p>\u00a0</p>\r\n<p>Ao primeiro dia do m\u00eas de janeiro do ano de dois mil e vinte e um, na Sess\u00e3o Solene de Instala\u00e7\u00e3o da 10\u00aa Legislatura da C\u00e2mara Municipal de Jaru/RO, para a Posse dos Vereadores, eleitos no pleito de 15 de Novembro de 2020, e diplomados em 16 de dezembro de 2020.\u00a0 Procedendo-se os tramites legal conforme determina o Art. 6\u00ba do Regimento Interno e sob a Presid\u00eancia do senhor Jos\u00e9 Claudio Gomes da Silva, Presidente da C\u00e2mara do Bi\u00eanio 2019/2020.</p>\r\n<p>\u00a0</p>\r\n<p>Presidente: LUIS EDUARDO SCHINCAGLIA</p>\r\n<p>Vice-Presidente: ILSON PEDRO FELIX</p>\r\n<p>1\u00ba Secret\u00e1rio: RAFAEL VAZ LOPES</p>\r\n<p>2\u00ba Secret\u00e1rio: LUZIA DE F\u00c1TIMA DA SILVA ABADIAS</p>\r\n<p>\u00a0</p>\r\n<p>CARLOS AFONSO MARTINS;</p>\r\n<p>DENISIA MESSIAS DA SILVA;</p>\r\n<p>FRANCISCO HILDEMBURG COSTA BEZERRA;</p>\r\n<p>JOS\u00c9 CL\u00c1UDIO GOMES DA SILVA,</p>\r\n<p>MARCOS MACHADO MIRANDA;</p>\r\n<p>MARIA DAMIANA FEL\u00cdCIO DE SOUZA;</p>\r\n<p>NEUZA APARECIDA DE OLIVEIRA</p>\r\n<p>RENATO RODRIGUES DE OLIVEIRA;</p>\r\n<p>ROM\u00c1RIO GOMES DOS SANTOS;</p>\r\n<p>SILVIO AQUERLEY DA SILVA;</p>\r\n<p>VALMIR ALVES PEREIRA.</p>\r\n<p>\u00a0</p>\r\n<p>\u00a0</p>\r\n<p><b>MESA DIRETORA\u00a0 - BI\u00caNIO 2023/2024</b></p>\r\n<p>\u00a0</p>\r\n<p>\u00a0</p>\r\n<p>Presidente: ILSON PEDRO FELIX</p>\r\n<p>Vice-Presidente: PAULO PEREIRA SAMPAIO</p>\r\n<p>1\u00ba Secret\u00e1rio: RAFAEL VAZ LOPES</p>\r\n<p>2\u00ba Secret\u00e1rio: MARIA DAMIANA DEL\u00cdCIO DE SOUZA</p>\r\n<p>\u00a0</p>\r\n<p>SUPLENTES QUE TOMOU POSSE:</p>\r\n<p>\u00a0</p>\r\n<p>PAULO PEREIRA SAMPAIO</p>\r\n<p>Tomou posse em raz\u00e3o da ren\u00fancia do Vereador Luis Eduardo Schincaglia, eleito Deputado Estadual para a legislatura 2023/2026.</p>\r\n<p>\u00a0</p>\r\n<p>\u00a0</p>\r\n<p><b>MESA DIRETORA\u00a0 - BI\u00caNIO 2025/2026</b></p>\r\n<p>\u00a0</p>\r\n<p>Ao primeiro\u00a0 dia do m\u00eas de janeiro\u00a0 do ano de dois mil e vinte e cinco (2025), durante a Sess\u00e3o Solene de Posse dos Vereadores, eleitos no pleito de 2024, realizou-se a Elei\u00e7\u00e3o da Mesa Diretora da C\u00e2mara Municipal de Jaru, para o Bi\u00eanio 2025/2026 da 11\u00aa Legislatura.</p>\r\n<p>\u00a0</p>\r\n<p>\u00a0</p>\r\n<p>Presidente: TATIANE DE ALMEIDA DOMINGUES</p>\r\n<p>Vice-Presidente: SUHELEN FERNANDA GON\u00c7ALVES MILLER</p>\r\n<p>1\u00ba Secret\u00e1rio: RAFAEL VAZ LOPES</p>\r\n<p>2\u00ba Secret\u00e1rio: SILVIO AQUERLEY DA SILVA</p>\r\n<p>\u00a0</p>\r\n<p>\u00a0</p>\r\n<p>\u2022 ADEMAR LOPES DO NASCIMENTO (MESTRE CAF\u00c9);</p>\r\n<p>\u2022 CELIANDRO RIBEIRO DE JESUS (CELIANDRO MARRON);</p>\r\n<p>\u2022 EVERSON CAMPOS QUEIROZ (DR. EVERSON QUEIROZ);</p>\r\n<p>\u2022 FRANCISCO HILDEMBURG COSTA BEZERRA;</p>\r\n<p>\u2022 JO\u00c3O PAULO RIBEIRO BARBOSA (JO\u00c3O PAULO);</p>\r\n<p>\u2022 JOS\u00c9 CL\u00c1UDIO GOMES DA SILVA (AMARELINHO);</p>\r\n<p>\u2022 JOSEMAR FIGUEIRA (JOSEMAR DA TRINTA E QUATRO);</p>\r\n<p>\u2022 LUZIA DE F\u00c1TIMA DA SILVA ABADIAS (SOL DE VER\u00c3O);</p>\r\n<p>\u2022 MARCOS MACHADO MIRANDA (MARC\u00c3O);</p>\r\n<p>\u2022 ORLANDO COSTA DOS ANJOS (ORLANDO);</p>\r\n<p>\u2022 STHELLA DE ALMEIDA SILVA (STHELLA ALMEIDA);</p>\r\n<p>\u00a0</p>\r\n<p><b></b><b>CONSIDERANDO A DECIS\u00c3O EXARADA NOS AUTOS DO PROCESSO JUDICIAL N. 7002150-60.2025.8.22.0003, FOI FEITA UMA NOVA ELEI\u00c7\u00c3O, SENDO APROVADA COM A SEGUINTE COMPOSI\u00c7\u00c3O:</b></p>\r\n<p><b><br /></b></p>\r\n<p><b><b>CONTINUIDADE DO BI\u00caNIO 2025/2026, DA 11\u00aa LEGISLATURA, DA C\u00c2MARA MUNICIPAL DE JARU, ESTADO DE ROND\u00d4NIA.</b></b></p>\r\n<p><b><b><br /></b></b></p>\r\n<p>Presidente: TATIANE DE ALMEIDA DOMINGUES</p>\r\n<p>Vice-Presidente: SILVIO AQUERLEY DA SILVA</p>\r\n<p>1\u00ba Secret\u00e1rio: ADEMAR LOPES DO NASCIMENTO</p>\r\n<p>2\u00ba Secret\u00e1rio: CELIANDRO RIBEIRO DE JESUS</p>\r\n<p><b><br /></b></p>\r\n<p><b><br /></b></p>", "author_name": "Interlegis", "version": "1.0", "author_url": "https://www.jaru.ro.leg.br/author/Interlegis", "provider_name": " C\u00e2mara Municipal de Jaru", "type": "rich"}