{"provider_url": "https://www.jaru.ro.leg.br", "title": "7\u00aa Sess\u00e3o Ordin\u00e1ria: 38 indica\u00e7\u00f5es foram aprovadas", "html": "<p dir=\"ltr\" style=\"text-align: justify; \"><span>Na manh\u00e3 desta segunda-feira (29) foi realizada no plen\u00e1rio da C\u00e2mara Municipal de Jaru a 7\u00aa Sess\u00e3o Ordin\u00e1ria da 10\u00aa Legislatura. Cinco projetos de lei foram apresentados ao plen\u00e1rio e 38 indica\u00e7\u00f5es foram aprovadas.</span></p>\r\n<h2><span>Projetos Apresentados</span></h2>\r\n<h3><span>De autoria do Legislativo</span></h3>\r\n<p dir=\"ltr\" style=\"text-align: justify; \"><span>Projeto de Emenda \u00e0 Lei Org\u00e2nica n\u00ba 18, </span><span>de 25 de mar\u00e7o de 2021, de autoria da Mesa Diretora que altera a lei org\u00e2nica do munic\u00edpio e d\u00e1 outras provid\u00eancias.</span></p>\r\n<h3><span>De autoria do Executivo</span></h3>\r\n<p dir=\"ltr\" style=\"text-align: justify; \"><span><a class=\"external-link\" href=\"https://www.jaru.ro.leg.br/processo-legislativo/projetos-de-lei-executivo/pl-3129-2021/view?searchterm=PL+3129\" target=\"_self\" title=\"\">PL 3129/2021</a></span><span> - Autoriza o Poder Executivo a abrir no or\u00e7amento vigente cr\u00e9dito adicional especial proveniente de super\u00e1vit financeiro, na Unidade Or\u00e7ament\u00e1ria: Secretaria Municipal de Infraestrutura, Agricultura e Meio Ambiente - SEMINFRAM. Destina R$ 6,7 mil para cobrir\u00a0 despesas com a devolu\u00e7\u00e3o do saldo remanescente.</span></p>\r\n<p style=\"text-align: justify; \"><span><a class=\"external-link\" href=\"https://www.jaru.ro.leg.br/processo-legislativo/projetos-de-lei-executivo/pl-3130-2021/view?searchterm=3130\" target=\"_self\" title=\"\">PL 3130/2021</a></span><span> - Autoriza o Poder Executivo a abrir no or\u00e7amento vigente cr\u00e9dito adicional especial proveniente de super\u00e1vit financeiro, na Unidade Or\u00e7ament\u00e1ria: Secretaria Municipal de Sa\u00fade. Destina R$ 9,6 para cobrir\u00a0 despesas com a aquisi\u00e7\u00e3o de cilindros de gases medicinais, para dar suporte a usina de oxig\u00eanio instalada no Hospital Municipal Sandoval de Ara\u00fajo Dantas.</span></p>\r\n<p style=\"text-align: justify; \"><span><a class=\"external-link\" href=\"https://www.jaru.ro.leg.br/processo-legislativo/projetos-de-lei-executivo/pl-3133-2021/view\" target=\"_self\" title=\"\">PL 3133/2</a></span><span><a class=\"external-link\" href=\"https://www.jaru.ro.leg.br/processo-legislativo/projetos-de-lei-executivo/pl-3133-2021/view\" target=\"_self\" title=\"\">021</a> - Autoriza o Poder Executivo a abrir no or\u00e7amento vigente cr\u00e9dito adicional suplementar proveniente de excesso de arrecada\u00e7\u00e3o e anula\u00e7\u00e3o de dota\u00e7\u00e3o or\u00e7ament\u00e1ria, na Unidade Or\u00e7ament\u00e1ria: Secretaria Municipal de Infraestrutura, Agricultura e Meio Ambiente - SEMINFRAM. Destina R$ 94,7 mil para cobrir\u00a0 despesas da constru\u00e7\u00e3o de bueiro duplo celular de concreto.</span></p>\r\n<p style=\"text-align: justify; \"><span><a class=\"external-link\" href=\"https://www.jaru.ro.leg.br/processo-legislativo/projetos-de-lei-executivo/pl-3132-2021/view\" target=\"_self\" title=\"\">PL 3132/</a></span><span><a class=\"external-link\" href=\"https://www.jaru.ro.leg.br/processo-legislativo/projetos-de-lei-executivo/pl-3132-2021/view\" target=\"_self\" title=\"\">2021</a> - Altera a Lei Municipal n\u00ba 2.085, de 13 de junho de 2016.</span></p>\r\n<p style=\"text-align: justify; \"><span><br /></span></p>\r\n<h2><span>Indica\u00e7\u00f5es Aprovadas</span></h2>\r\n<h3><span>Indica\u00e7\u00f5es ao Executivo\u00a0</span></h3>\r\n<p><a class=\"external-link\" href=\"https://www.jaru.ro.leg.br/institucional/fotos/29032021/img_1888.jpg/image_view_fullscreen\" target=\"_self\" title=\"\"><img src=\"https://www.jaru.ro.leg.br/institucional/fotos/29032021/img_1888.jpg/@@images/7d331cd9-1218-464c-9660-6fd19792304d.jpeg\" alt=\"IMG_1888.JPG\" class=\"image-left\" title=\"IMG_1888.JPG\" /></a><strong style=\"text-align: justify; \">O vereador Rom\u00e1rio Gomes (PTB) indicou:\u00a0</strong></p>\r\n<p dir=\"ltr\" style=\"text-align: justify; \"><span>A</span><span> recupera\u00e7\u00e3o da rua Dilma de Oliveira no setor 06.</span></p>\r\n<p dir=\"ltr\" style=\"text-align: justify; \"><span>A</span><span> recupera\u00e7\u00e3o da rua Maranh\u00e3o no setor 06.</span></p>\r\n<p dir=\"ltr\" style=\"text-align: justify; \"><span>A</span><span> recupera\u00e7\u00e3o da rua S\u00e3o Paulo no setor 06.</span></p>\r\n<p dir=\"ltr\" style=\"text-align: justify; \"><span>A</span><span> recupera\u00e7\u00e3o da rua Anita Garibaldi no setor 06.</span></p>\r\n<p dir=\"ltr\" style=\"text-align: justify; \"><span>A</span><span> recupera\u00e7\u00e3o da rua 1\u00ba de Maio no setor 06.</span></p>\r\n<p dir=\"ltr\" style=\"text-align: justify; \"><span>A</span><span> recupera\u00e7\u00e3o da rua Francisco Pantoja no setor 06.</span></p>\r\n<p dir=\"ltr\" style=\"text-align: justify; \"><span>A</span><span> recupera\u00e7\u00e3o da rua Dom Pedro I, que liga a ch\u00e1cara Denardi no setor 06.</span></p>\r\n<p dir=\"ltr\" style=\"text-align: justify; \"><span>A</span><span> recupera\u00e7\u00e3o da rua Goi\u00e1s n\u00ba 1505 com a rua Frei Caneca no setor 07.</span></p>\r\n<p dir=\"ltr\" style=\"text-align: justify; \"><span>A</span><span> recupera\u00e7\u00e3o da rua Goi\u00e1s n\u00ba 1676 com a rua Jorge Teixeira no setor 07.</span></p>\r\n<p dir=\"ltr\" style=\"text-align: justify; \"><span>A</span><span> recupera\u00e7\u00e3o da rua Cear\u00e1 n\u00ba 1124 com a rua Rio de Janeiro no setor 03.</span></p>\r\n<p dir=\"ltr\" style=\"text-align: justify; \"><span>A</span><span> recupera\u00e7\u00e3o da rua S\u00e9rgio Mota n\u00ba 1981 com a rua Padre Chiquinho no setor 07.</span></p>\r\n<p dir=\"ltr\" style=\"text-align: justify; \"><span>A </span><span>recupera\u00e7\u00e3o da rua Ermano Santos n\u00ba 2020 com a rua Afonso Jos\u00e9 no setor 07.</span></p>\r\n<p dir=\"ltr\" style=\"text-align: justify; \"><span>A</span><span> recupera\u00e7\u00e3o da rua Sebasti\u00e3o Cabral de Souza com a rua Afonso Jos\u00e9 no setor 04.</span></p>\r\n<p dir=\"ltr\" style=\"text-align: justify; \"><span>A</span><span> recupera\u00e7\u00e3o da rua Afonso Jos\u00e9 n</span><span>\u00ba 665</span><span> com a rua S\u00e9rgio Mota no setor 07.</span></p>\r\n<p dir=\"ltr\" style=\"text-align: justify; \"><span>A</span><span> recupera\u00e7\u00e3o da rua Afonso Jos\u00e9 n</span><span>\u00ba 982</span><span> com a rua Em\u00edlio Moret no setor 07.</span></p>\r\n<p dir=\"ltr\" style=\"text-align: justify; \"><span>A</span><span> recupera\u00e7\u00e3o da rua Afonso Jos\u00e9 n</span><span>\u00ba 1525 </span><span>com a rua Daniel da Rocha no setor 07.</span></p>\r\n<p dir=\"ltr\" style=\"text-align: justify; \"><span>A</span><span> recupera\u00e7\u00e3o da rua Goi\u00e1s n</span><span>\u00ba 1365 </span><span>com a rua Daniel da Rocha no setor 07.</span></p>\r\n<p dir=\"ltr\" style=\"text-align: justify; \"><span>A</span><span> recupera\u00e7\u00e3o da rua Marechal Rondon n</span><span>\u00ba 2904 </span><span>com a rua Ruth Cardoso no setor 07.</span></p>\r\n<p dir=\"ltr\" style=\"text-align: justify; \"><span>A</span><span> recupera\u00e7\u00e3o da rua Benjamim Constante n</span><span>\u00ba 932 </span><span>com a rua Marechal Rondon no setor 07.</span></p>\r\n<p dir=\"ltr\" style=\"text-align: justify; \"><span>A</span><span> recupera\u00e7\u00e3o da rua Vila Lobos no setor 06.</span></p>\r\n<p dir=\"ltr\" style=\"text-align: justify; \"><span>A</span><span> recupera\u00e7\u00e3o da rua Minas Gerais no setor 06.</span></p>\r\n<p dir=\"ltr\" style=\"text-align: justify; \"><span>A</span><span> recupera\u00e7\u00e3o da rua Castro Alves no setor 06.</span></p>\r\n<p dir=\"ltr\" style=\"text-align: justify; \"><span>A</span><span> recupera\u00e7\u00e3o da rua Castelo Branco no setor 06.</span></p>\r\n<p dir=\"ltr\" style=\"text-align: justify; \"><span>A</span><span> disponibiliza\u00e7\u00e3o de vacina contra a Covid-19 para os agentes penitenci\u00e1rios do munic\u00edpio de Jaru.</span></p>\r\n<p dir=\"ltr\" style=\"text-align: justify; \"><span>A</span><span> disponibiliza\u00e7\u00e3o de vacina contra a Covid-19 para os servidores da Pol\u00edcia Civil (UNISP) do munic\u00edpio de Jaru.</span></p>\r\n<p dir=\"ltr\" style=\"text-align: justify; \"><span>A</span><span> disponibiliza\u00e7\u00e3o de um aux\u00edlio no valor de R$ 500 para os coveiros do cemit\u00e9rio municipal, enquanto durar o per\u00edodo da pandemia.</span></p>\r\n<p dir=\"ltr\" style=\"text-align: justify; \"><span>A </span><span>disponibiliza\u00e7\u00e3o de um aux\u00edlio no valor de R$ 300 para os servidores da sa\u00fade, em todo o per\u00edodo que durar a pandemia, sendo assim para aqueles que diretamente estiverem na linha de frente ao combate ao Covid-19, destacando do zelador ao m\u00e9dico, ou seja, todos os servidores.</span></p>\r\n<p style=\"text-align: justify; \"><a class=\"external-link\" href=\"https://www.jaru.ro.leg.br/institucional/fotos/29032021/img_1851.jpg/image_view_fullscreen\" target=\"_self\" title=\"\"><img src=\"https://www.jaru.ro.leg.br/institucional/fotos/29032021/img_1851.jpg/@@images/0d84455d-0c62-4393-bef3-d89a3eb38e34.jpeg\" alt=\"IMG_1851.JPG\" class=\"image-left\" title=\"IMG_1851.JPG\" /></a><strong>Vereador Valmir Carteiro (PSDB) indicou:</strong></p>\r\n<p dir=\"ltr\" style=\"text-align: justify; \"><span>A</span><span> aquisi\u00e7\u00e3o de um ve\u00edculo para o Conselho Tutelar do Munic\u00edpio de Jaru.</span></p>\r\n<p style=\"text-align: justify; \"><strong><br /></strong></p>\r\n<p style=\"text-align: justify; \"><strong><br /></strong></p>\r\n<p style=\"text-align: justify; \"><strong><br /></strong></p>\r\n<p style=\"text-align: justify; \"><a class=\"external-link\" href=\"https://www.jaru.ro.leg.br/institucional/fotos/29032021/img_1780.jpg/image_view_fullscreen\" target=\"_self\" title=\"\"><img src=\"https://www.jaru.ro.leg.br/institucional/fotos/29032021/img_1780.jpg/@@images/93fa8fce-ee71-4cf4-b2bc-481305c0a08c.jpeg\" alt=\"IMG_1780.JPG\" class=\"image-left\" title=\"IMG_1780.JPG\" /></a><strong>Vereadora Sol de Ver\u00e3o (DEM) indicou:</strong></p>\r\n<p dir=\"ltr\" style=\"text-align: justify; \"><span>A</span><span> aquisi\u00e7\u00e3o de uma Minicarregadeira (BOBCAT), para auxiliar o trabalho dos \u201ccoveiros\u201d na coloca\u00e7\u00e3o da terra para o fechamento das covas no Cemit\u00e9rio Municipal do Munic\u00edpio de Jaru.</span></p>\r\n<p dir=\"ltr\" style=\"text-align: justify; \"><span>A</span><span> pavimenta\u00e7\u00e3o e encascalhamento da Rua Olavo Pires, entre as Ruas Padre Feij\u00f3 e Visconde de Mau\u00e1 no Jardim dos Estados</span><span>.</span></p>\r\n<p dir=\"ltr\" style=\"text-align: justify; \"><span>A</span><span> pavimenta\u00e7\u00e3o e encascalhamento da Rua Visconde de Mau\u00e1 com a Rua 13 de Maio</span><span>.</span></p>\r\n<p dir=\"ltr\" style=\"text-align: justify; \"><span>O</span><span> encascalhamento da Rua Sergipe no setor 1 A</span><span>.</span></p>\r\n<p dir=\"ltr\" style=\"text-align: justify; \"><span>O</span><span> encascalhamento da Rua Manoel Lacerda Ferraz entre as Ruas Monteiro Lobato e Francisco Pantoja no setor 06</span><span>.</span></p>\r\n<p dir=\"ltr\" style=\"text-align: justify; \"><a class=\"external-link\" href=\"https://www.jaru.ro.leg.br/institucional/fotos/29032021/img_1762.jpg/image_view_fullscreen\" target=\"_self\" title=\"\"><img src=\"https://www.jaru.ro.leg.br/institucional/fotos/29032021/img_1800.jpg/@@images/15213e22-687f-40cc-8733-b0cc393dde98.jpeg\" alt=\"IMG_1800.JPG\" class=\"image-left\" title=\"IMG_1800.JPG\" /></a></p>\r\n<p style=\"text-align: justify; \"><strong>Vereador Professor Carlos (PROS) indicou:</strong></p>\r\n<p dir=\"ltr\" style=\"text-align: justify; \"><span>Que seja criado um projeto que disp\u00f5e sobre a cria\u00e7\u00e3o do programa Jaru solid\u00e1rio e d\u00e1 outras provid\u00eancias.</span></p>\r\n<p dir=\"ltr\" style=\"text-align: justify; \"><span><br /></span></p>\r\n<p dir=\"ltr\" style=\"text-align: justify; \"><span><br /></span></p>\r\n<p dir=\"ltr\" style=\"text-align: justify; \"><span><br /></span></p>\r\n<p style=\"text-align: justify; \"><a class=\"external-link\" href=\"https://www.jaru.ro.leg.br/institucional/fotos/29032021/img_1867.jpg/image_view_fullscreen\" target=\"_self\" title=\"\"><img src=\"https://www.jaru.ro.leg.br/institucional/fotos/29032021/img_1866.jpg/@@images/a3e6319e-e05b-4f73-a7dd-7948a0d69092.jpeg\" alt=\"IMG_1866.JPG\" class=\"image-left\" title=\"IMG_1866.JPG\" /></a><strong>O vereador Rafael Lopes (MDB) indicou:\u00a0</strong></p>\r\n<p dir=\"ltr\" style=\"text-align: justify; \"><span>Que o Poder Executivo sugira \u00e0 Justi\u00e7a Federal a contrata\u00e7\u00e3o de m\u00e9dicos formados no exterior com t\u00edtulo provis\u00f3rio de urg\u00eancia.\u00a0</span></p>\r\n<p dir=\"ltr\" style=\"text-align: justify; \"><span><br /></span></p>\r\n<p style=\"text-align: justify; \"><strong><span><br /></span></strong></p>\r\n<p style=\"text-align: justify; \"><strong><span><br /></span></strong></p>\r\n<p style=\"text-align: justify; \"><a class=\"external-link\" href=\"https://www.jaru.ro.leg.br/institucional/fotos/29032021/img_1815.jpg/image_view_fullscreen\" target=\"_self\" title=\"\"><img src=\"https://www.jaru.ro.leg.br/institucional/fotos/29032021/img_1815.jpg/@@images/6f83c225-bd63-4f48-b119-05cbb703d035.jpeg\" alt=\"IMG_1815.JPG\" class=\"image-left\" title=\"IMG_1815.JPG\" /></a><strong><span>A vereadora Professora Damiana (PSB) indicou:</span></strong></p>\r\n<p dir=\"ltr\" style=\"text-align: justify; \"><span>Solicita que seja disponibilizado no Portal da Transpar\u00eancia da prefeitura os dados atualizados diariamente em rela\u00e7\u00e3o ao enfrentamento do COVID-19, listagem da quantidade de vacinas, realiza\u00e7\u00e3o do passo a passo da vacina, quantidade de leitos dispon\u00edveis.\u00a0</span></p>\r\n<p dir=\"ltr\" style=\"text-align: justify; \"><span><br /></span></p>\r\n<p dir=\"ltr\" style=\"text-align: justify; \"><span><br /></span></p>\r\n<h3><span><span>Indica\u00e7\u00f5es ao Legislativo</span></span></h3>\r\n<p dir=\"ltr\" style=\"text-align: justify; \"><a class=\"external-link\" href=\"https://www.jaru.ro.leg.br/institucional/fotos/29032021/img_1793.jpg/image_view_fullscreen\" target=\"_self\" title=\"\"><img src=\"https://www.jaru.ro.leg.br/institucional/fotos/29032021/img_1793.jpg/@@images/ff3e6ad6-c1e7-4a7e-aac5-0d375df9e23c.jpeg\" alt=\"IMG_1793.JPG\" class=\"image-left\" title=\"IMG_1793.JPG\" /></a></p>\r\n<p style=\"text-align: justify; \"><strong>Vereadora Sol de Ver\u00e3o (DEM) indicou:</strong></p>\r\n<p dir=\"ltr\" style=\"text-align: justify; \"><span>Solicita a mesa diretora que seja criada uma comiss\u00e3o especial de enfrentamento ao covid-19 com a finalidade de acompanhar e fiscalizar as a\u00e7\u00f5es destinadas pelo poder executivo no enfrentamento do covid-19 composta por quatro vereadores quatro vereadores efetivos sendo quatro titulares e quatro suplentes.</span></p>\r\n<p style=\"text-align: justify; \">\u00a0</p>\r\n<p style=\"text-align: justify; \"><a class=\"external-link\" href=\"https://www.jaru.ro.leg.br/institucional/fotos/29032021/img_1803.jpg/image_view_fullscreen\" target=\"_self\" title=\"\"><img src=\"https://www.jaru.ro.leg.br/institucional/fotos/29032021/img_1803.jpg/@@images/b3913795-a852-474d-a2d5-cf4ed072d1ae.jpeg\" alt=\"IMG_1803.JPG\" class=\"image-left\" title=\"IMG_1803.JPG\" /></a></p>\r\n<p style=\"text-align: justify; \"><strong>Vereador Professor Carlos (PROS) indicou:</strong></p>\r\n<p dir=\"ltr\" style=\"text-align: justify; \"><strong></strong><span>A realiza\u00e7\u00e3o de uma audi\u00eancia p\u00fablica no dia 8 de Abril de 2021 para tratar sobre a PEC 32/2020 referente a reforma administrativa que tramita no Congresso Nacional.</span></p>\r\n<p dir=\"ltr\" style=\"text-align: justify; \"><span><br /></span></p>\r\n<p dir=\"ltr\" style=\"text-align: justify; \"><span><br /></span></p>\r\n<h3 dir=\"ltr\"><span>Veja a sess\u00e3o :</span></h3>\r\n<h3 dir=\"ltr\"><span><iframe src=\"https://www.facebook.com/plugins/video.php?height=314&amp;href=https%3A%2F%2Fwww.facebook.com%2Fcamaramunicipaljaru%2Fvideos%2F483894549642255%2F&amp;show_text=false&amp;width=560\" width=\"240\" height=\"135\" allowfullscreen=\"true\" style=\"\"></iframe></span></h3>\r\n<p>\u00a0</p>\r\n<p dir=\"ltr\" style=\"text-align: justify; \"><span><br /></span></p>", "author_name": "jornalista", "version": "1.0", "author_url": "https://www.jaru.ro.leg.br/author/jornalista", "provider_name": " C\u00e2mara Municipal de Jaru", "type": "rich"}