{"provider_url": "https://www.jaru.ro.leg.br", "title": "Convida para Sess\u00e3o Solene de Posse ", "html": "<p>A C\u00e2mara Municipal convida toda popula\u00e7\u00e3o de Jaru e regi\u00e3o para Sess\u00e3o Solene de Posse dos Vereadores, Prefeito e Vice-Prefeito.</p>\r\n<p>Data: 1\u00ba de Janeiro de 2017<br />Hor\u00e1rio: 17h\u00a0<br />Local: Igreja Presbiteriana Renovada (Av. Tiradentes - 1734)</p>", "author_name": "jornalista", "version": "1.0", "author_url": "https://www.jaru.ro.leg.br/author/jornalista", "provider_name": " C\u00e2mara Municipal de Jaru", "type": "rich"}