{"provider_url": "https://www.jaru.ro.leg.br", "title": "Nota de pesar: Nan\u00e1", "html": "<p>\u00c9 com profundo pesar que a C\u00e2mara Municipal de Jaru recebe a triste not\u00edcia do falecimento de Audicleverson Glauber da Silva, conhecido como Nan\u00e1, ocorrido nesta segunda-feira(24).</p>\r\n<p>Nan\u00e1 foi uma figura atuante na pol\u00edtica local, tendo concorrido nas Elei\u00e7\u00f5es Municipais de 2020 e 2012, representando o Partido Socialista Brasileiro (PSB). Nas elei\u00e7\u00f5es de 2020, obteve expressivos 259 votos, conquistando a posi\u00e7\u00e3o de Suplente Vereador em Jaru.</p>\r\n<p>Natural de Santo In\u00e1cio - PR, o servidor p\u00fablico municipal dedicou-se incansavelmente em prol do munic\u00edpio, demonstrando comprometimento e dedica\u00e7\u00e3o em sua trajet\u00f3ria pol\u00edtica.</p>\r\n<p>A C\u00e2mara Municipal de Jaru lamenta profundamente essa perda irrepar\u00e1vel e se solidariza com os familiares e amigos nesse momento de dor e saudade. Nan\u00e1 ser\u00e1 sempre lembrado pelo seu legado na pol\u00edtica local e pelo seu amor por Jaru.</p>\r\n<p>Que sua mem\u00f3ria seja honrada e que seu exemplo de cidadania e servi\u00e7o \u00e0 comunidade inspire as futuras gera\u00e7\u00f5es.</p>\r\n<p>Nossos mais sinceros sentimentos.</p>", "author_name": "jornalista", "version": "1.0", "author_url": "https://www.jaru.ro.leg.br/author/jornalista", "provider_name": " C\u00e2mara Municipal de Jaru", "type": "rich"}