{"provider_url": "https://www.jaru.ro.leg.br", "title": "NOVA MESA DIRETORA \u00c9 ELEITA PARA C\u00c2MARA DE JARU", "html": "<p class=\" \">Nesta segunda-feira (18) \u00e0s 15h ocorreu a elei\u00e7\u00e3o da nova Mesa Diretora da C\u00e2mara Municipal de Jaru para o bi\u00eanio 2019/2020. Em vota\u00e7\u00e3o aberta com a presen\u00e7a dos 15 vereadores da Casa, a \u00fanica chapa recebeu 14 votos favor\u00e1veis e 1 voto contr\u00e1rio, o do vereador <a href=\"https://www.jaru.ro.leg.br/processo-legislativo/vereadores-9a-legislatura-2017-2021/antonio-carlos-bezerra-carlinho-da-denisia\">Carlinho da Denisia</a>.</p>\r\n<p class=\" \">\u00a0</p>\r\n<p class=\" \">Foram eleitos: <a href=\"https://www.jaru.ro.leg.br/processo-legislativo/vereadores-9a-legislatura-2017-2021/jose-claudio-gomes-da-silva-amarelinho\">Jos\u00e9 Cl\u00e1udio Gomes da Silva</a>\u00a0(PSDB)\u00a0para presidente; <a href=\"https://www.jaru.ro.leg.br/processo-legislativo/vereadores-9a-legislatura-2017-2021/ilson-pedro-felix-ilson-felix\">Ilson Pedro Felix(PV)\u00a0</a>como vice-presidente; <a href=\"https://www.jaru.ro.leg.br/processo-legislativo/vereadores-9a-legislatura-2017-2021/francisco-baquer-chico-baquer\">Francisco Baquer </a>(PMDB)\u00a0como primeiro secret\u00e1rio; <a href=\"https://www.jaru.ro.leg.br/processo-legislativo/vereadores-9a-legislatura-2017-2021/edmar-parlote\">Edmar Parlote</a>\u00a0(DEM) como segundo secret\u00e1rio.</p>\r\n<p class=\" \">\u00a0</p>\r\n<p class=\" \">A Sess\u00e3o contou com a presen\u00e7a do Prefeito, Jo\u00e3o Gon\u00e7alves Junior, e Vice-Prefeito, Jeverson Lima.\u00a0</p>", "author_name": "jornalista", "version": "1.0", "author_url": "https://www.jaru.ro.leg.br/author/jornalista", "provider_name": " C\u00e2mara Municipal de Jaru", "type": "rich"}