{"provider_url": "https://www.jaru.ro.leg.br", "title": "C\u00e2mara Municipal de Jaru apoia mais uma vez a campanha \"Novembro Azul\"", "html": "<div class=\"cover-richtext-tile tile-content\" style=\"text-align: justify; \"><span>O movimento Novembro Azul teve origem em 2003, na Austr\u00e1lia, com o objetivo de chamar a aten\u00e7\u00e3o para a preven\u00e7\u00e3o e o diagn\u00f3stico precoce de doen\u00e7as que atingem a popula\u00e7\u00e3o masculina.\u00a0</span></div>\r\n<div class=\"cover-richtext-tile tile-content\"></div>\r\n<div class=\"cover-richtext-tile tile-content\">O c\u00e2ncer de pr\u00f3stata \u00e9 o segundo tipo de c\u00e2ncer mais incidente na popula\u00e7\u00e3o masculina em todas as regi\u00f5es do pa\u00eds, atr\u00e1s apenas dos tumores de pele n\u00e3o melanoma. No Brasil, estimam-se 71.730 novos casos de c\u00e2ncer de pr\u00f3stata por ano para o tri\u00eanio 2023-2025. Atualmente, \u00e9 a segunda causa de \u00f3bito por c\u00e2ncer na popula\u00e7\u00e3o masculina, reafirmando sua import\u00e2ncia epidemiol\u00f3gica no pa\u00eds.<br /><br />A idade \u00e9 o principal fator de risco para o c\u00e2ncer de pr\u00f3stata, sendo mais incidente em homens a partir da sexta d\u00e9cada de vida, bem como, hist\u00f3rico familiar de c\u00e2ncer de pr\u00f3stata antes dos 60 anos e obesidade para tipos histol\u00f3gicos avan\u00e7ados. Destaca-se tamb\u00e9m a exposi\u00e7\u00e3o a agentes qu\u00edmicos relacionados ao trabalho, sendo respons\u00e1vel por 1% dos casos de c\u00e2ncer de pr\u00f3stata.</div>\r\n<div class=\"cover-richtext-tile tile-content\"></div>\r\n<div class=\"cover-richtext-tile tile-content\">\r\n<p>O INCA recomenda que os homens estejam alertas a qualquer anormalidade no corpo e procurem o servi\u00e7o de sa\u00fade o mais breve poss\u00edvel para realizar o diagn\u00f3stico precoce do c\u00e2ncer de pr\u00f3stata.\u00a0\u00a0</p>\r\n<p>N\u00e3o h\u00e1 recomenda\u00e7\u00e3o para rastreamento (exames de rotina) do c\u00e2ncer de pr\u00f3stata, uma vez que as evid\u00eancias atualmente dispon\u00edveis apontam para balan\u00e7o desfavor\u00e1vel entre os riscos e benef\u00edcios para a sa\u00fade dos homens. Caso o homem deseje realizar esses exames, deve-se realizar a decis\u00e3o compartilhada, ap\u00f3s o profissional de sa\u00fade conversar sobre todos os poss\u00edveis riscos do rastreamento.</p>\r\n<p><strong>Fonte:</strong>\u00a0<a class=\"external-link\" href=\"https://www.gov.br/inca/pt-br/assuntos/campanhas/2023/novembro-azul\" target=\"_self\" title=\"Novembro azul\">https://www.gov.br/inca/pt-br/assuntos/campanhas/2023/novembro-azul</a></p>\r\n</div>", "author_name": "", "version": "1.0", "author_url": "https://www.jaru.ro.leg.br/author/jackson", "provider_name": " C\u00e2mara Municipal de Jaru", "type": "rich"}