{"provider_url": "https://www.jaru.ro.leg.br", "title": "Pontos principais da 21\u00aa Sess\u00e3o Ordin\u00e1ria ", "html": "<p style=\"text-align: justify; \">Nesta segunda-feira (13) ocorreu a 21\u00aa Sess\u00e3o Ordin\u00e1ria da C\u00e2mara Municipal de Jaru. Na sess\u00e3o dois projetos de lei foram apresentados e duas indica\u00e7\u00f5es foram feitas.\u00a0<span>Ou\u00e7a a grava\u00e7\u00e3o da sess\u00e3o na integra por meio do link</span><b>: <a class=\"external-link\" href=\"http://bit.ly/audio21\u00aasess\u00e3oJaru\" target=\"_self\" title=\"\">http://bit.ly/audio21\u00aasess\u00e3oJaru</a></b></p>\r\n<p style=\"text-align: justify; \"><b>A fala dos vereadores</b></p>\r\n<p style=\"text-align: justify; \"><b>Josemar da 634 (PT)</b> \u2013 O parlamentar usou o pequeno expediente para fazer dois requerimentos: o primeiro solicitando uma audi\u00eancia p\u00fablica para discutir, junto com empres\u00e1rios de Jaru, o projeto que institui<b> \u201cO N\u00facleo de Intelig\u00eancia Fiscal\u201d, </b>segundo o vereador essa a\u00e7\u00e3o \u00e9 necess\u00e1ria para averiguar os pr\u00f3s e os contra do projeto e escolher o melhor para a popula\u00e7\u00e3o; o segundo objetiva realizar uma pericia nos ve\u00edculos da C\u00e2mara buscando poss\u00edveis escutas nas caminhonetes.</p>\r\n<p style=\"text-align: justify; \"><b>Chico Baquer (MDB)</b> \u2013 No grande expediente o parlamentar agradeceu a administra\u00e7\u00e3o municipal pelo trabalho realizado na Rua Florian\u00f3polis, concluindo a ponte sobre o Rio Moror\u00f3. \u00a0Alertou para a necessidade de fiscaliza\u00e7\u00e3o na regi\u00e3o da Pra\u00e7a da Baixada evitando poss\u00edveis invas\u00f5es no local. Reclamou das criticas infundadas que o hospital municipal recebeu, as queixas falavam sobre a falta de comida. O vereador afirmou que averiguou o caso e disse que se tratava apenas de disputa politica. O parlamentar destacou que criticas s\u00e3o necess\u00e1rias para o crescimento do munic\u00edpio, mas elas precisa se basear em fatos e n\u00e3o em boatos.</p>\r\n<p style=\"text-align: justify; \"><b><span>Projetos apresentados:</span></b></p>\r\n<p style=\"text-align: justify; \">1) Projeto de Lei n\u00ba. 2.445/GP/2018, de 11 de junho de 2018, de autoria do Executivo Municipal que <b>\u201cINSTITUI O N\u00daCLEO DE INTELIG\u00caNCIA FISCAL - NIF E D\u00c1 OUTRAS PROVID\u00caNCIAS.\u201d <span></span></b></p>\r\n<p style=\"text-align: justify; \">2) Projeto de Lei n\u00ba. 2.474/GP/2018, de 30 de julho de 2018, de autoria do Executivo Municipal que <b>\u201cALTERA O ANEXO \u00daNICO DA LEI MUNICIPAL N\u00ba 2.232/GP/17.\u201d <span></span></b></p>", "author_name": "jornalista", "version": "1.0", "author_url": "https://www.jaru.ro.leg.br/author/jornalista", "provider_name": " C\u00e2mara Municipal de Jaru", "type": "rich"}