{"provider_url": "https://www.jaru.ro.leg.br", "title": "Principais pontos da 18\u00aa Sess\u00e3o Ordin\u00e1ria ", "html": "<p style=\"text-align: justify; \">Na manh\u00e3 dessa ter\u00e7a-feira (19) aconteceu mais uma sess\u00e3o ordin\u00e1ria no plen\u00e1rio da C\u00e2mara Municipal de Jaru. Os parlamentares aprovaram seis projetos de lei e uma indica\u00e7\u00e3o.</p>\r\n<p style=\"text-align: justify; \"><span><strong>Ilson F\u00e9lix (PV)</strong> \u2013 O parlamentar foi \u00e0 tribuna solicitar reparos nas calhas da Rodovi\u00e1ria dos Colonos, disse que recebe v\u00e1rias reclama\u00e7\u00f5es da popula\u00e7\u00e3o sobre aquele barrac\u00e3o, que nos tempos de chuva causa dificuldades para os trabalhadores daquela localidade.\u00a0</span><br /><span>Agradeceu o trabalho de todos os servidores que fazem parte da Secretaria Municipal de Infraestrutura, Agricultura e Meio Ambiente .</span><br /><span>Falou que na pr\u00f3xima segunda-feira(25) alguns integrantes da Associa\u00e7\u00e3o Jaru Selva Bikes v\u00e3o comparecer \u00e0 sess\u00e3o para expor as atividades da Associa\u00e7\u00e3o.</span></p>\r\n<p style=\"text-align: justify; \"><span><strong>Renato Cabeleireiro (PSDB)</strong> \u2013 Agradeceu ao deputado Marcelino Ten\u00f3rio de Almeida (PRP) pelo recurso de 290 mil reais para compra de um gerador para o Hospital Municipal.</span><br /><span>Agradeceu tamb\u00e9m ao secret\u00e1rio, Jeverson Lima, e ao prefeito pela agilidade e a din\u00e2mica na recupera\u00e7\u00e3o das ruas de Jaru.\u00a0</span><br /><span>Afirmou que vir\u00e1 em breve para a C\u00e2mara Municipal um projeto que visa beneficiar a categoria dos mototaxistas em Jaru. Enfatizou que a proposta \u00e9 resultado do di\u00e1logo entre legislativo e executivo.</span></p>\r\n<p style=\"text-align: justify; \"><span><strong>Josemar Figueira (PT)</strong> \u2013 Parabenizou a comunidade evang\u00e9lica de Jaru pelo Dia do Evang\u00e9lico.\u00a0</span><br /><span>O parlamentar informou que existem lares onde n\u00e3o existem condi\u00e7\u00f5es para constru\u00e7\u00e3o de uma fossa e inexiste o saneamento b\u00e1sico. Afirmou que \u00e9 necess\u00e1ria uma discuss\u00e3o sobre a lei que regula \u00e1reas de preserva\u00e7\u00e3o permanente em Jaru, destacou que \u00e9 preciso convidar todos os setores da sociedade para debater essa quest\u00e3o ambiental. Enfatizou a necessidade de mudan\u00e7a na legisla\u00e7\u00e3o local e a necessidade de cautela na discuss\u00e3o.</span></p>\r\n<p style=\"text-align: justify; \"><span><strong>Chico Baquer (MDB)</strong> \u2013 Agradeceu ao executivo de Jaru pelo atendimento na obra do quebra molas na Rua Rio de Janeiro.\u00a0</span><br /><span>Destacou a necessidade de cria\u00e7\u00e3o de uma rede de saneamento b\u00e1sico em Jaru.\u00a0</span><br /><span>\u201cTemos que dar sustenta\u00e7\u00e3o ao executivo\u201d, afirmou o vereador sobre a necessidade de continuar a harmonia e colabora\u00e7\u00e3o entre os poderes para a melhoria das condi\u00e7\u00f5es de vida no munic\u00edpio.</span></p>\r\n<p style=\"text-align: justify; \"><span class=\"fbPhotosPhotoCaption\" id=\"fbPhotoSnowliftCaption\" data-ft=\"{&quot;tn&quot;:&quot;K&quot;}\"><span class=\"hasCaption\"><strong>Edmar Parlote (DEM)</strong> \u2013 Parabenizou o DER pela obra na Linha 630, mas afirmou que o trabalho na Linha 610 precisa melhorar.<br />O parlamentar criticou a retirada da aula de educa\u00e7\u00e3o f\u00edsica das s\u00e9ries iniciais, disse que o que ainda existe em Jaru \u00e9 a recrea\u00e7\u00e3o que \u00e9 apenas uma parte do que \u00e9 a educa\u00e7\u00e3o f\u00edsica.</span></span><span class=\"fbPhotoTagList\" id=\"fbPhotoSnowliftTagList\"><span class=\"fcg\">\u00a0</span></span></p>\r\n<p style=\"text-align: justify; \"><span class=\"fbPhotosPhotoCaption\" id=\"fbPhotoSnowliftCaption\" data-ft=\"{&quot;tn&quot;:&quot;K&quot;}\"><span class=\"hasCaption\"><strong>Carlinho da Denisia (PP)</strong> \u2013 \u201cEsta Casa tem responsabilidade\u201d, afirmou o parlamentar sobre concess\u00e3o do t\u00edtulo de utilidade p\u00fablica \u00e0s associa\u00e7\u00f5es, disse que sempre apoia as associa\u00e7\u00f5es com credibilidade e que \u00e9 necess\u00e1rio o di\u00e1logo com os diretores de cada associa\u00e7\u00e3o.</span></span><br /><br /><br /><br /></p>\r\n<p style=\"text-align: justify; \"><b><span>Projeto Apresentado: </span></b></p>\r\n<p style=\"text-align: justify; \"><b>1)\u00a0\u00a0\u00a0\u00a0\u00a0\u00a0\u00a0\u00a0\u00a0\u00a0 </b><span>Projeto de Lei n\u00ba. 2.446/GP/2018, de 12 de junho de 2018, de autoria do Executivo Municipal que </span><b>\u201cAUTORIZA O PODER EXECUTIVO A ABRIR NO OR\u00c7AMENTO VIGENTE CR\u00c9DITO ADICIONAL ESPECIAL POR ANULA\u00c7\u00c3O DE DOTA\u00c7\u00c3O OR\u00c7AMENT\u00c1RIA.\u201d </b><span>(Fundo Municipal de Sa\u00fade).</span></p>\r\n<p style=\"text-align: justify; \"><b>Aprovado em primeira vota\u00e7\u00e3o :</b></p>\r\n<p style=\"text-align: justify; \"><b>1)</b><span>Projeto de Lei n\u00ba. 2.441/GP/2018, de 28 de maio de 2018, de autoria do Executivo Municipal que </span><b>\u201cAUTORIZA O PODER EXECUTIVO A ABRIR NO OR\u00c7AMENTO VIGENTE CR\u00c9DITO ADICIONAL ESPECIAL POR ANULA\u00c7\u00c3O DE DOTA\u00c7\u00c3O OR\u00c7AMENT\u00c1RIA NO OR\u00c7AMENTO VIGENTE DO MUNIC\u00cdPIO.\u201d </b><span>(para unidade or\u00e7ament\u00e1ria Fundo Municipal de Sa\u00fade).</span></p>\r\n<p style=\"text-align: justify; \"><b>2)\u00a0\u00a0\u00a0\u00a0\u00a0\u00a0\u00a0\u00a0\u00a0\u00a0 </b><span>Projeto de Lei n\u00ba. 2.442/GP/2018, de 04 de junho de 2018, de autoria do Executivo Municipal que </span><b>\u201cAUTORIZA O PODER EXECUTIVO A ABRIR NO OR\u00c7AMENTO VIGENTE CR\u00c9DITO ADICIONAL SUPLEMENTAR POR EXCESSO DE ARRECADA\u00c7\u00c3O.\u201d </b><span>(para unidade or\u00e7ament\u00e1ria Fundo Municipal de Sa\u00fade).</span></p>\r\n<p style=\"text-align: justify; \"><b>3)\u00a0\u00a0\u00a0\u00a0\u00a0\u00a0\u00a0\u00a0\u00a0\u00a0 </b><span>Projeto de Lei n\u00ba. 330/CMJ/2018, de 07 de junho de 2018, de autoria do Vereador ILSON FELIX que </span><b>\u201cCONSIDERA DE UTILIDADE P\u00daBLICA A ASSOCIA\u00c7\u00c3O JARU SELVA BIKERS.\u201d</b></p>\r\n<p style=\"text-align: justify; \"><b>4)\u00a0\u00a0\u00a0\u00a0\u00a0\u00a0\u00a0\u00a0\u00a0\u00a0 </b><span>Projeto de Lei n\u00ba. 331/CMJ/2018, de 07 de junho de 2018, de autoria do Vereador Josemar Figueira que </span><b>\u201cCONSIDERA DE UTILIDADE P\u00daBLICA A ASSOCIA\u00c7\u00c3O ACAD\u00caMICA ALBERT EINSTEIN (AAAE).\u201d</b></p>\r\n<p style=\"text-align: justify; \"><b>5)\u00a0\u00a0\u00a0\u00a0\u00a0\u00a0\u00a0\u00a0\u00a0\u00a0 </b><span>Projeto de Lei n. 2.402/GP/2018, de 12 de mar\u00e7o de 2018, de autoria do Poder Executivo Municipal que </span><b>\u201cDISP\u00d5E SOBRE O EST\u00c1GIO DE ESTUDANTES DE ESTABELECIMENTOS DE ENSINO P\u00daBLICO E PARTICULAR, EM \u00d3RG\u00c3OS DA ADMINISTRA\u00c7\u00c3O P\u00daBLICA DIRETA, AUTARQUIA E FUNDACIONAL DO MUNIC\u00cdPIO\u201d.</b></p>\r\n<p style=\"text-align: justify; \"><b>Aprovado em segunda vota\u00e7\u00e3o:</b></p>\r\n<p style=\"text-align: justify; \"><b>1)\u00a0\u00a0\u00a0\u00a0\u00a0\u00a0\u00a0\u00a0\u00a0\u00a0\u00a0 </b><span>Projeto de Lei n\u00ba. 2.421/GP/2018, de 11 de abril de 2018, de autoria do Executivo Municipal que </span><b>\u201cDISP\u00d5E SOBRE AS DIRETRIZES OR\u00c7AMENT\u00c1RIAS PARA O EXERC\u00cdCIO DE 2019, ESTABELECE AS METAS E RISCOS FISCAIS E D\u00c1 OUTRAS PROVID\u00caNCIAS.\u201d</b></p>\r\n<p style=\"text-align: justify; \"><b>Indica\u00e7\u00e3o aprovada:</b></p>\r\n<p style=\"text-align: justify; \"><b>1)\u00a0\u00a0\u00a0\u00a0\u00a0\u00a0\u00a0\u00a0\u00a0\u00a0\u00a0 </b><span>Indica\u00e7\u00e3o n.\u00ba 091/GV/2018 de autoria do Vereador ILSON FELIX, INDICA ao Chefe do Poder Executivo Municipal</span><b> \u201cSOLICITA QUE SEJA FEITA A RECUPERA\u00c7\u00c3O DAS CALHAS NO BARRAC\u00c3O DA RODOVIARIA DOS COLONOS.\u201d</b></p>", "author_name": "jornalista", "version": "1.0", "author_url": "https://www.jaru.ro.leg.br/author/jornalista", "provider_name": " C\u00e2mara Municipal de Jaru", "type": "rich"}