{"provider_url": "https://www.jaru.ro.leg.br", "title": "Principais pontos da 20\u00aa sess\u00e3o ordin\u00e1ria", "html": "<p>Nessa segunda-feira (06) ocorreu a 20\u00aa sess\u00e3o ordin\u00e1ria da C\u00e2mara Municipal de Jaru.</p>\r\n<p>Nessa sess\u00e3o v\u00e1rias proposi\u00e7\u00f5es foram apresentadas, elas ser\u00e3o discutidas e votadas nas pr\u00f3ximas sess\u00f5es.</p>\r\n<p><a href=\"https://goo.gl/hQvCdu\">Ou\u00e7a aqui a grava\u00e7\u00e3o da sess\u00e3o.</a></p>\r\n<p><b>Resumo dos discursos parlamentares</b></p>\r\n<p><b>Josemar da 634</b> (PT) \u2013 O parlamentar disse que os vereadores se reuniram para trabalhar mesmo durante o recesso, afirmou ainda que acha desnecess\u00e1rio o recesso parlamentar.</p>\r\n<p>Enalteceu a administra\u00e7\u00e3o do prefeito Jo\u00e3ozinho pelas a\u00e7\u00f5es que est\u00e3o ocorrendo em alguns setores no munic\u00edpio de Jaru.</p>\r\n<p>O vereador ressaltou a necessidade da exist\u00eancia de um l\u00edder do executivo na C\u00e2mara Municipal para melhorar a comunica\u00e7\u00e3o entre o Executivo e o Legislativo Municipal, em especial sobre o andamento das obras.</p>\r\n<p><b>Edmar Parlote </b>(DEM) \u2013 O parlamentar elogiou a Secretaria Municipal de Infraestrutura, Agricultura e Meio Ambiente (SEMINFRAM) em rela\u00e7\u00e3o aos trabalhos realizados no per\u00edmetro urbano de Jaru como asfaltamento, instala\u00e7\u00e3o e reparo da ilumina\u00e7\u00e3o, mas cobrou tamb\u00e9m dessa secretaria um atendimento mais atento aos agricultores e o inicio das obras em Taril\u00e2ndia.</p>\r\n<p><b>Orlando Costa dos Anjos</b> (PV) \u2013 Afirmou que assistiu \u00e0s aulas do curso do TCE em Cacoal sobre legisla\u00e7\u00e3o. Ressaltou a necessidade da cria\u00e7\u00e3o de uma comiss\u00e3o para realizar a analise e revitaliza\u00e7\u00e3o das Leis Org\u00e2nicas de Jaru e do Regimento Interno da C\u00e2mara, inserindo atualiza\u00e7\u00f5es necess\u00e1rias. O parlamentar usou como exemplo o termo \u201cs\u00e9rie\u201d que n\u00e3o \u00e9 mais utilizado na \u00e1rea da educa\u00e7\u00e3o e precisa ser trocado por \u201cano\u201d.</p>\r\n<p><b>Ilson F\u00e9lix </b>(PV) \u2013 O vereador elogiou a administra\u00e7\u00e3o dizendo que Jaru est\u00e1 no caminho certo. Afirmou ainda que \u00e9 preciso que as obras de drenagem estejam conclu\u00eddas antes de realizar o asfaltamento e \u00e9 o que ele tem visto acontecer.</p>\r\n<p><b>Projetos que ser\u00e3o analisados nas pr\u00f3ximas sess\u00f5es</b></p>\r\n<p><b>1)\u00a0</b>Projeto de Lei n\u00ba. 2.472/GP/2018, de 20 de julho de 2018, de autoria do Executivo Municipal que <b>\u201cautoriza o Poder Executivo abrir cr\u00e9dito adicional especial por super\u00e1vit financeiro no montante de R$ 689 reais e 22 centavos na unidade or\u00e7ament\u00e1ria: Secretaria Municipal de Infraestrutura Agricultura e Meio Ambiente\u201d. <span></span></b></p>\r\n<p><b><span>\u00a0</span></b><b>2)\u00a0</b><span>Projeto de Lei n\u00ba. 2.473/GP/2018, de 24 de julho de 2018, de autoria do Executivo Municipal que </span><b>\u201cdisp\u00f5e sobre a reestrutura\u00e7\u00e3o do quadro de pessoal efetivo do munic\u00edpio de Jaru, bem como estingue cargos, modifica quantitativos e d\u00e1 outras provid\u00eancias\u201d.</b></p>\r\n<p><b>3)\u00a0</b><span>Projeto de Lei n\u00ba. 2.476/GP/2018, de 02 de agosto de 2018, de autoria do Executivo Municipal que </span><b>\u201cautoriza o Poder Executivo a abrir cr\u00e9dito adicional suplementar por anula\u00e7\u00e3o de dota\u00e7\u00e3o or\u00e7ament\u00e1ria no or\u00e7amento vigente do munic\u00edpio .\u201d </b><span>S\u00e3o R$</span><b> </b><span>3 mil, 152 reais para suprir despesas com aquisi\u00e7\u00e3o de produtos de higieniza\u00e7\u00e3o e limpeza e CAL virgem para pintura na utiliza\u00e7\u00e3o de marca\u00e7\u00e3o dos campos de futebol dos campeonatos municipais urbanos e rurais.</span></p>\r\n<p><b>4)\u00a0</b><span>Projeto de Lei n\u00ba. 2.477/GP/2018, de 02 de agosto de 2018, de autoria do Executivo Municipal que </span><b>\u201caltera o Plano Plurianual 2018-2021, Lei de Diretrizes Or\u00e7ament\u00e1rias para o exerc\u00edcio de 2018 e abre cr\u00e9dito adicional especial e suplementar por excesso de arrecada\u00e7\u00e3o e por anula\u00e7\u00e3o de dota\u00e7\u00e3o or\u00e7ament\u00e1ria no montante de R$ 1 milh\u00e3o, 341 mil, 183 reais e 93 centavos, na unidade or\u00e7ament\u00e1ria: Secretaria Municipal de Educa\u00e7\u00e3o Cultura Esporte e Lazer.\u201d </b><span>O projeto</span><b> </b><span>objetiva a cobertura de despesas de custeio na \u00e1rea educacional, transporte escolar e folha de pagamento.</span></p>\r\n<p><b>5)\u00a0</b><span>Projeto de Lei n\u00ba. 2.478/GP/2018, de 03 de agosto de 2018, de autoria do Executivo Municipal que </span><b>\u201cautoriza o Poder Executivo a abrir cr\u00e9dito adicional especial por excesso de arrecada\u00e7\u00e3o e por anula\u00e7\u00e3o de dota\u00e7\u00e3o or\u00e7ament\u00e1ria no or\u00e7amento vigente do munic\u00edpio.\u201d </b><span>S\u00e3o R$</span><b> </b><span>306 mil reais que tem como objetivo a implanta\u00e7\u00e3o de rede de ilumina\u00e7\u00e3o P\u00fablica na Avenida Dom Pedro I, entre a BR 364 e AV. Tiradentes.</span></p>\r\n<p><b>6)\u00a0</b><span>Projeto de Lei n\u00ba. 2.479/GP/2018, de 03 de agosto de 2018, de autoria do Executivo Municipal que </span><b>\u201cautoriza o Poder Executivo a abrir cr\u00e9dito adicional suplementar por anula\u00e7\u00e3o de dota\u00e7\u00e3o or\u00e7ament\u00e1ria no montante de R$ 717 mil, 117 reais e 92 centavos na unidade or\u00e7ament\u00e1ria: Secretaria Municipal De Infraestrutura Agricultura e Meio Ambiente\u201d.</b></p>\r\n<p><b>\u00a0</b><b>7)\u00a0</b><span>Projeto de Lei n\u00ba. 334/CMJ/CMA/2018, de 02 de agosto de 2018, de autoria do Vereador Cl\u00f3vis Morali que </span><b>\u201ccria nominativa para as ruas e avenidas da \u00e1rea urbana do loteamento residencial Jardim Novo Estado II do munic\u00edpio de Jaru, e d\u00e1 outras provid\u00eancias\u201d.</b></p>", "author_name": "jornalista", "version": "1.0", "author_url": "https://www.jaru.ro.leg.br/author/jornalista", "provider_name": " C\u00e2mara Municipal de Jaru", "type": "rich"}