{"provider_url": "https://www.jaru.ro.leg.br", "title": "Pr\u00f3xima Sess\u00e3o Ordin\u00e1ria ser\u00e1 na ter\u00e7a-feira", "html": "<p align=\"left\">Diferente do que tradicionalmente acontece a pr\u00f3xima Sess\u00e3o Ordin\u00e1ria da C\u00e2mara de Vereadores de Jaru ser\u00e1 na ter\u00e7a-feira (04 de agosto), porque o plen\u00e1rio da C\u00e2mara ser\u00e1 utilizado nas elei\u00e7\u00f5es. <b><i></i></b></p>\r\n<p>O requerimento verbal do ver. Benildo (PT) para adiar a 30\u00aa Sess\u00e3o Ordin\u00e1ria, de segunda-feira (03) para ter\u00e7a-feira (04), foi aprovado em vota\u00e7\u00e3o nesta segunda-feira (26). \u00a0</p>", "author_name": "jornalista", "version": "1.0", "author_url": "https://www.jaru.ro.leg.br/author/jornalista", "provider_name": " C\u00e2mara Municipal de Jaru", "type": "rich"}