{"provider_url": "https://www.jaru.ro.leg.br", "title": "Resumo das atividades legislativas da semana", "html": "<p dir=\"ltr\" style=\"text-align: justify; \"><span>Na manh\u00e3 desta segunda-feira (19) foi realizada no plen\u00e1rio da C\u00e2mara Municipal de Jaru a 10\u00aa Sess\u00e3o Ordin\u00e1ria e logo ap\u00f3s duas sess\u00f5es extraordin\u00e1rias foram realizadas. As 3 sess\u00f5es resultaram nas seguintes mat\u00e9rias aprovadas: 2 projetos de lei, 2 projetos de resolu\u00e7\u00e3o e 16 indica\u00e7\u00f5es.\u00a0</span></p>\r\n<p dir=\"ltr\" style=\"text-align: justify; \"><span><span><br /></span></span></p>\r\n<h2 style=\"text-align: justify; \"><span>Mat\u00e9rias Aprovadas</span></h2>\r\n<p dir=\"ltr\" style=\"text-align: justify; \"><span><span><br /></span></span></p>\r\n<p dir=\"ltr\" style=\"text-align: justify; \"><span>PL 358/2021 - de autoria da Vereadora Professora Damiana que cria o dia D, para combate \u00e0 gravidez na adolesc\u00eancia.</span></p>\r\n<p dir=\"ltr\" style=\"text-align: justify; \"><span>PL 3141/2021 - Autoriza o Poder Executivo a abrir no or\u00e7amento vigente cr\u00e9dito adicional especial proveniente de anula\u00e7\u00e3o de dota\u00e7\u00e3o or\u00e7ament\u00e1ria, na Unidade or\u00e7ament\u00e1ria: Secretaria Municipal de Educa\u00e7\u00e3o, Cultura, Esporte e Lazer - SEMECEL. R$ 95,7 mil ser\u00e1 destinado para cobrir despesas para reforma do est\u00e1dio e constru\u00e7\u00e3o da arquibancada do est\u00e1dio municipal Leal Chapel\u00e3o.</span></p>\r\n<p dir=\"ltr\" style=\"text-align: justify; \"><span>Projeto de Resolu\u00e7\u00e3o 337/2021- de autoria da Mesa Diretora que autoriza a baixa de bens patrimoniais inserv\u00edveis ao Poder Legislativo, bem como a entrega dos mesmos ao Poder Executivo Municipal.</span></p>\r\n<p dir=\"ltr\" style=\"text-align: justify; \"><span>Projeto de Resolu\u00e7\u00e3o 338/2021 - de autoria da Mesa Diretora que concede revis\u00e3o geral anual aos servidores estatut\u00e1rios da C\u00e2mara Municipal de Jaru.</span></p>\r\n<p dir=\"ltr\" style=\"text-align: justify; \"><span><span><br /><br /></span></span></p>\r\n<h2 style=\"text-align: justify; \"><span>INDICA\u00c7\u00d5ES APROVADAS</span></h2>\r\n<p dir=\"ltr\" style=\"text-align: justify; \"><span><span><br /><br /></span></span></p>\r\n<h3 style=\"text-align: justify; \"><span><img src=\"https://www.jaru.ro.leg.br/institucional/fotos/19042021/img_9677.jpg/@@images/3b03980a-139a-47c2-b82b-ca03725c5c0d.jpeg\" alt=\"IMG_9677.JPG\" class=\"image-left\" title=\"IMG_9677.JPG\" />Vereador Valmir Carteiro (PSDB) indicou:</span></h3>\r\n<p dir=\"ltr\" style=\"text-align: justify; \"><span>A coloca\u00e7\u00e3o de redutores de velocidade (quebra-molas) na Avenida Jorge Teixeira esquina com a Marechal Rondon, nas imedia\u00e7\u00f5es da Igreja Crist\u00e3 do Brasil, no setor\u00a0 07.</span></p>\r\n<p dir=\"ltr\" style=\"text-align: justify; \"><span>A disponibiliza\u00e7\u00e3o de vacina contra a covid-19 para os trabalhadores em Seguran\u00e7a, Vigil\u00e2ncia e Transportes de Valores.</span></p>\r\n<p dir=\"ltr\" style=\"text-align: justify; \"><span>A instala\u00e7\u00e3o de duas tampas de bueiros na Rua Marechal Rondon 2394, entre a Rua Amazonas com a Rua Rio Grande do Sul, pr\u00f3ximo ao col\u00e9gio Abr\u00e3o Rocha.</span></p>\r\n<p dir=\"ltr\" style=\"text-align: justify; \"><span><span><br /></span></span></p>\r\n<h3 style=\"text-align: justify; \"><span><img src=\"https://www.jaru.ro.leg.br/institucional/fotos/19042021/img_9637.jpg/@@images/4f7bfbc4-d49c-4f32-aff4-36475f7f1e4b.jpeg\" alt=\"IMG_9637.JPG\" class=\"image-left\" title=\"IMG_9637.JPG\" />A vereadora Professora Damiana (PSB) indicou:</span><span><br /><br /></span></h3>\r\n<p dir=\"ltr\" style=\"text-align: justify; \"><span>Reparos e manuten\u00e7\u00e3o na rua Cear\u00e1 atr\u00e1s do quartel da PM.</span></p>\r\n<p dir=\"ltr\" style=\"text-align: justify; \"><span>Reparos e manuten\u00e7\u00e3o na rua Goi\u00e1s quase esquina com a rua Em\u00edlio Moretti.</span></p>\r\n<p dir=\"ltr\" style=\"text-align: justify; \"><span>A manuten\u00e7\u00e3o no c\u00f3rrego que localiza-se na rua Osvaldo Cruz n\u00famero 2001, setor 04.</span></p>\r\n<p dir=\"ltr\" style=\"text-align: justify; \"><span>A limpeza em terreno (notifica\u00e7\u00e3o do propriet\u00e1rio) localizado na Padre Adolpho Rohl entre as ruas Rio de Janeiro e Goi\u00e1s, quase em frente a Imagem Adesivos.</span></p>\r\n<p dir=\"ltr\" style=\"text-align: justify; \"><span>A cria\u00e7\u00e3o de pontos de coletas, para arrecada\u00e7\u00e3o de alimentos n\u00e3o perec\u00edveis, durante a pandemia da covid-19.</span></p>\r\n<p dir=\"ltr\" style=\"text-align: justify; \"><span>A constru\u00e7\u00e3o de um bueiro na rua Jo\u00e3o Batista, esquina com a rua Mato Grosso.</span></p>\r\n<p dir=\"ltr\" style=\"text-align: justify; \"><span><span><br /></span></span></p>\r\n<h3 style=\"text-align: justify; \"><span><img src=\"https://www.jaru.ro.leg.br/institucional/fotos/19042021/img_9612.jpg/@@images/c159f1f4-a020-473d-9808-92f4df423ac4.jpeg\" alt=\"IMG_9612.JPG\" class=\"image-left\" title=\"IMG_9612.JPG\" />O vereador Ilson F\u00e9lix (PSDB) indicou:</span></h3>\r\n<p dir=\"ltr\" style=\"text-align: justify; \"><span>Que seja feito um estacionamento em torno do Centro de Sa\u00fade Dr. Apolin\u00e1rio Gomes da Silva, localizado no setor 3.</span></p>\r\n<p dir=\"ltr\" style=\"text-align: justify; \"><span><span><br /></span></span></p>\r\n<p dir=\"ltr\" style=\"text-align: justify; \"><span><span><br /></span></span></p>\r\n<p dir=\"ltr\" style=\"text-align: justify; \"><span><span><br /></span></span></p>\r\n<h3 style=\"text-align: justify; \"><span><img src=\"https://www.jaru.ro.leg.br/institucional/fotos/19042021/img_9597.jpg/@@images/7005cf34-1f2a-4942-b023-870288ffc141.jpeg\" alt=\"IMG_9597.JPG\" class=\"image-left\" title=\"IMG_9597.JPG\" />Vereador Professor Carlos (PROS) indicou:</span><span><br /></span><span></span></h3>\r\n<p dir=\"ltr\" style=\"text-align: justify; \"><span>Que seja conferido \u00e0 institui\u00e7\u00e3o de acolhimento Lar da Crian\u00e7a e do Adolescente de Jaru o nome Vera \u00c2ngela Iuliano Alves, passando a ser denominado Lar da Crian\u00e7a e do Adolescente Vera \u00c2ngela Iuliano Alves.</span><span><br /></span><span>Que seja feita a pintura do quebra-molas em frente \u00e0 Nicomar Materiais para Constru\u00e7\u00e3o.</span></p>\r\n<p dir=\"ltr\" style=\"text-align: justify; \"><span><span><br /></span></span></p>\r\n<h3 style=\"text-align: justify; \"><span><img src=\"https://www.jaru.ro.leg.br/institucional/fotos/19042021/img_9604.jpg/@@images/f0e02fee-552e-4992-85a1-7033f04f6bbe.jpeg\" alt=\"IMG_9604.JPG\" class=\"image-left\" title=\"IMG_9604.JPG\" />Vereadora Neuza Orlandini (PSB) indicou:</span></h3>\r\n<p dir=\"ltr\" style=\"text-align: justify; \"><span>A recupera\u00e7\u00e3o das ruas no setor Novo Estado e Setor 06 nas ruas mais cr\u00edticas.<br /></span><span>A recupera\u00e7\u00e3o na linha 627 nos trechos mais cr\u00edticos.\u00a0</span></p>\r\n<p dir=\"ltr\" style=\"text-align: justify; \"><span><span><br /></span></span></p>\r\n<p dir=\"ltr\" style=\"text-align: justify; \"><span><span><br /></span></span></p>\r\n<h3 style=\"text-align: justify; \"><span><img src=\"https://www.jaru.ro.leg.br/institucional/fotos/19042021/img_9614.jpg/@@images/3f29c69b-f472-4f03-8c76-daef8b9a582d.jpeg\" alt=\"IMG_9614.JPG\" class=\"image-left\" title=\"IMG_9614.JPG\" />Vereador Schimiti Patroleiro (PATRIOTA) indicou:</span></h3>\r\n<p dir=\"ltr\" style=\"text-align: justify; \"><span>Que seja feito um mutir\u00e3o de limpeza no munic\u00edpio\u00a0 de Jaru.\u00a0</span></p>\r\n<p dir=\"ltr\" style=\"text-align: justify; \"><span><span><br /></span></span></p>\r\n<h3 style=\"text-align: justify; \"><span><br /></span></h3>\r\n<h3 style=\"text-align: justify; \"><span><br /></span></h3>\r\n<h3 style=\"text-align: justify; \"><span>Indica\u00e7\u00e3o Conjunta (Professor Carlos e Sol de Ver\u00e3o)</span></h3>\r\n<p dir=\"ltr\" style=\"text-align: justify; \"><span></span><span>Anteprojeto de emenda modificativa a Lei municipal 2504/2019 modificando a emenda da referida lei e acrescentando os artigos 5\u00ba e 6\u00ba que garantam aos pacientes portadores de s\u00edndrome de fibromialgia direito as filas preferenciais\u00a0 e vagas de estacionamento preferencial.</span></p>\r\n<div style=\"text-align: justify; \"><span><br /></span></div>", "author_name": "jornalista", "version": "1.0", "author_url": "https://www.jaru.ro.leg.br/author/jornalista", "provider_name": " C\u00e2mara Municipal de Jaru", "type": "rich"}