{"provider_url": "https://www.jaru.ro.leg.br", "title": "Sess\u00e3o ordin\u00e1rias retornam ap\u00f3s recesso", "html": "<p dir=\"ltr\"><span>As sess\u00f5es ordin\u00e1rias voltaram ao ritmo normal com o fim do recesso legislativo. Nessa segunda-feira (02) foi realizada a primeira sess\u00e3o legislativa do segundo per\u00edodo legislativo.</span></p>\r\n<p dir=\"ltr\"><span>Todos os vereadores participaram da sess\u00e3o, outras autoridades tamb\u00e9m estavam presentes para o marco.</span></p>\r\n<p dir=\"ltr\"><span>Importante ressaltar que a atividade parlamentar n\u00e3o se resume ao per\u00edodo legislativo, ou seja, aquele em que as sess\u00f5es ordin\u00e1rias acontecem. Mesmo durante o recesso as sess\u00f5es chamadas extraordin\u00e1rias continuaram ocorrendo, durante o recesso legislativo a C\u00e2mara Municipal de Jaru realizou quatro sess\u00f5es extraordin\u00e1rias.</span></p>\r\n<div><span><br /></span></div>", "author_name": "jornalista", "version": "1.0", "author_url": "https://www.jaru.ro.leg.br/author/jornalista", "provider_name": " C\u00e2mara Municipal de Jaru", "type": "rich"}