{"provider_url": "https://www.jaru.ro.leg.br", "title": "Setembro Amarelo: a vida \u00e9 a melhor escolha! ", "html": "<p class=\" \">Todos n\u00f3s devemos atuar ativamente na conscientiza\u00e7\u00e3o da import\u00e2ncia que a vida tem e ajudar na preven\u00e7\u00e3o do suic\u00eddio, tema que ainda \u00e9 visto como tabu. \u00c9 importante falar sobre o assunto para que as pessoas que estejam passando por momentos dif\u00edceis e de crise busquem ajuda e entendam que a vida sempre ser\u00e1 a melhor escolha.</p>\r\n<p class=\"font_8\"><span>\u00a0</span><span>Quando uma pessoa decide terminar com a sua vida, os seus pensamentos, sentimentos e a\u00e7\u00f5es apresentam-se muito restritivos, ou seja, ela pensa constantemente sobre o suic\u00eddio e \u00e9 incapaz de perceber outras maneiras de enfrentar ou de sair do problema. Essas pessoas pensam rigidamente pela distor\u00e7\u00e3o que o sofrimento emocional imp\u00f5e.\u00a0</span></p>\r\n<p class=\"font_8\">\u00a0<span>Se informar para aprender e ajudar o pr\u00f3ximo \u00e9 a melhor sa\u00edda para lutar contra esse problema t\u00e3o grave. \u00c9 muito importante que as pessoas pr\u00f3ximas saibam identificar que algu\u00e9m est\u00e1 pensando em se matar e a ajude, tendo uma escuta ativa e sem julgamentos, mostrar que est\u00e1 dispon\u00edvel para ajudar e demonstrar empatia, mas principalmente levando-a ao m\u00e9dico psiquiatra, que vai saber como manejar a situa\u00e7\u00e3o e salvar esse paciente.</span></p>\r\n<p class=\"font_8\"><strong>N\u00e3o esque\u00e7a</strong></p>\r\n<p class=\"font_8\"><span>O suic\u00eddio \u00e9 uma emerg\u00eancia m\u00e9dica, por isso ao se deparar com uma situa\u00e7\u00e3o de tentativa de suic\u00eddio eminente que necessite de interven\u00e7\u00e3o imediata, n\u00e3o hesite e ligue 192 SAMU.<br /><br />Fonte: <a class=\"external-link\" href=\"https://www.setembroamarelo.com/\" target=\"_self\" title=\"\">www.setembroamarelo.com</a></span></p>", "author_name": "jornalista", "version": "1.0", "author_url": "https://www.jaru.ro.leg.br/author/jornalista", "provider_name": " C\u00e2mara Municipal de Jaru", "type": "rich"}