{"provider_url": "https://www.jaru.ro.leg.br", "title": "Comiss\u00f5es Permanentes  ", "html": "<p><b>COMISS\u00c3O DE CONSTITUI\u00c7\u00c3O, JUSTI\u00c7A E REDA\u00c7\u00c3O;</b></p>\r\n<p>\u00a0</p>\r\n<p><b>\u00a0PRESIDENTE</b> -\u00a0SUHELEN FERNANDA GON\u00c7ALVES MILLER (MDB)</p>\r\n<p>\u00a0<b>VICE- PRESIDENTE -</b>\u00a0CELIANDRO RIBEIRO DE JESUS (PSD)</p>\r\n<p>\u00a0<b>MEMBRO -\u00a0</b>JOS\u00c9 CL\u00c1UDIO GOMES DA SILVA (Uni\u00e3o Brasil)</p>\r\n<p>\u00a0</p>\r\n<hr />\r\n<p>\u00a0</p>\r\n<p><b>\u00a0COMISS\u00c3O DE ECONOMIA E FINAN\u00c7AS;</b></p>\r\n<p>\u00a0</p>\r\n<p><b>PRESIDENTE - </b>CELIANDRO RIBEIRO DE JESUS (PSD)</p>\r\n<p><b>VICE- PRESIDENTE -\u00a0</b>RAFAEL VAZ LOPES (MDB)</p>\r\n<p><b>MEMBRO \u2013\u00a0</b>SUHELEN FERNANDA GON\u00c7ALVES MILLER (MDB)</p>\r\n<p>\u00a0</p>\r\n<hr />\r\n<p>\u00a0</p>\r\n<p><b>COMISS\u00c3O DE TRANSPORTES, DESENVOLVIMENTO URBANO E INFRAESTRUTURA P\u00daBLICA;</b></p>\r\n<p>\u00a0</p>\r\n<p><b>PRESIDENTE -</b>\u00a0\u00a0SILVIO ARQUELEY DA SILVA (MDB)</p>\r\n<p><b>VICE- PRESIDENTE -</b> ORLANDO COSTA DOS ANJOS (PSB)</p>\r\n<p><b>MEMBRO \u2013</b>\u00a0\u00a0JO\u00c3O PAULO RIBEIRO BARBOSA (Uni\u00e3o Brasil)</p>\r\n<p>\u00a0</p>\r\n<hr />\r\n<p><b>\u00a0</b></p>\r\n<p><b>COMISS\u00c3O DE EDUCA\u00c7AO, CULTURA, ESPORTE, LAZER E TURISMO;</b></p>\r\n<p>\u00a0</p>\r\n<p><b>PRESIDENTE -</b> \u00a0STHELLA DE ALMEIDA SILVA (Uni\u00e3o Brasil)</p>\r\n<p><b>VICE- PRESIDENTE -</b> SUHELEN FERNANDA GON\u00c7ALVES MILLER (MDB)</p>\r\n<p><b>MEMBRO \u2013 </b><span>\u00a0<span>ORLANDO COSTA DOS ANJOS (PSB)</span>\u00a0 \u00a0 \u00a0 \u00a0 \u00a0 \u00a0 \u00a0 \u00a0 \u00a0 \u00a0 \u00a0 \u00a0 \u00a0 \u00a0 \u00a0 \u00a0 \u00a0 \u00a0\u00a0</span></p>\r\n<p>\u00a0</p>\r\n<hr />\r\n<p>\u00a0</p>\r\n<p><b>COMISS\u00c3O DE DIREITOS HUMANOS E DEFESA DO CONSUMIDOR;</b><b>\u00a0</b></p>\r\n<p><b>\u00a0</b></p>\r\n<p><b>PRESIDENTE - </b>ORLANDO COSTA DOS ANJOS (PSB)</p>\r\n<p><b>VICE- PRESIDENTE -</b> JOSEMAR FIGUEIRA (PDT)</p>\r\n<p><b>MEMBRO \u2013\u00a0</b>LUZIA DE F\u00c1TIMA DA SILVA ABADIAS (PL)</p>\r\n<p>\u00a0</p>\r\n<hr />\r\n<p><span>\u00a0 \u00a0 \u00a0\u00a0</span></p>\r\n<p><b>COMISS\u00c3O DE \u00c9TICA E DECORO PARLAMENTAR;</b></p>\r\n<p><b>\u00a0</b></p>\r\n<p><b>PRESIDENTE -\u00a0</b>STHELLA DE ALMEIDA SILVA (Uni\u00e3o Brasil)</p>\r\n<p><b>VICE- PRESIDENTE -</b>\u00a0<span>CELIANDRO RIBEIRO DE JESUS (PSD)</span></p>\r\n<p><b>MEMBRO \u2013\u00a0</b>SILVIO AQUERLEY DA SILVA (MDB)</p>\r\n<hr />\r\n<p>\u00a0</p>\r\n<p><strong>COMISS\u00c3O DE AGRICULTURA, PECU\u00c1RIA, AGRONEG\u00d3CIO, MEIO AMBIENTE E RECURSOS H\u00cdDRICOS;</strong></p>\r\n<p>\u00a0</p>\r\n<p><strong>PRESIDENTE -\u00a0</strong>FRANCISCO HILDEMBURG COSTA BEZERRA (MDB)</p>\r\n<p><strong>VICE-PRESIDENTE -\u00a0</strong>SILVIO AQUERLEY DA SILVA (MDB)</p>\r\n<p><strong>MEMBRO -\u00a0\u00a0</strong>MARCOS MACHADO MIRANDA (Uni\u00e3o Brasil)</p>\r\n<p>\u00a0</p>\r\n<hr />\r\n<p>\u00a0</p>\r\n<p><strong>COMISS\u00c3O DE SA\u00daDE, ASSIST\u00caNCIA SOCIAL E PREVID\u00caNCIA.</strong></p>\r\n<p><strong><br /></strong></p>\r\n<p><strong>PRESIDENTE -\u00a0</strong>STHELLA DE ALMEIDA SILVA (Uni\u00e3o Brasil)</p>\r\n<p><strong>VICE-PRESIDENTE -\u00a0\u00a0</strong>FRANCISCO HILDEMBURG COSTA BEZERRA (MDB)</p>\r\n<p><strong>MEMBRO -</strong>\u00a0MARCOS MACHADO MIRANDA (Uni\u00e3o Brasil)</p>\r\n<p><strong><br /></strong></p>", "author_name": "jornalista", "version": "1.0", "author_url": "https://www.jaru.ro.leg.br/author/jornalista", "provider_name": " C\u00e2mara Municipal de Jaru", "type": "rich"}